{"id":3053,"date":"2024-11-20T09:31:37","date_gmt":"2024-11-20T14:31:37","guid":{"rendered":"https:\/\/enfantement.org\/ducoeurauventre\/?p=3053"},"modified":"2024-11-20T09:31:38","modified_gmt":"2024-11-20T14:31:38","slug":"belle-naissance-a-la-maison-dun-bebe-ne-coiffe-2","status":"publish","type":"post","link":"https:\/\/enfantement.org\/ducoeurauventre\/en\/stories\/at-home\/belle-naissance-a-la-maison-dun-bebe-ne-coiffe-2\/","title":{"rendered":"Belle naissance \u00e0 la maison d\u2019un b\u00e9b\u00e9 n\u00e9 coiff\u00e9"},"content":{"rendered":"\n<p>La naissance d\u2019Olivia, ma deuxi\u00e8me enfant, a \u00e9t\u00e9 une exp\u00e9rience profond\u00e9ment transformatrice, r\u00e9conciliatrice apr\u00e8s un premier accouchement plus m\u00e9dicalis\u00e9. D\u00e8s le d\u00e9but de ma grossesse, j\u2019ai pr\u00e9par\u00e9 mon accouchement \u00e0 domicile (AAD) en \u00e9tant suivie par une \u00e9quipe de sages-femmes, avec le soutien pr\u00e9cieux de mon conjoint et de ma m\u00e8re. Dans le confort de ma maison, je me sentais pr\u00eate et confiante.<\/p>\n\n\n\n<p>Au petit matin du 3 octobre, les premi\u00e8res contractions ont commenc\u00e9 \u00e0 peine une heure apr\u00e8s le retour de mon conjoint du travail. \u00c0 41 semaines et trois jours, sans p\u00e9riode de latence, tout s\u2019est enclench\u00e9 rapidement. Avec l\u2019intensification des contractions et la perte du bouchon muqueux, je savais que c\u2019\u00e9tait imminent. \u00c0 7 h, le rythme s\u2019est acc\u00e9l\u00e9r\u00e9, et ma sage-femme, pr\u00e9venue, est arriv\u00e9e juste \u00e0 temps. Entrant dans le bain pour voir comment mon corps r\u00e9agirait, j\u2019ai constat\u00e9 que tout s\u2019intensifiait. La pr\u00e9paration de mon AAD, bien que rassurante, n\u2019a pas eu le temps de se d\u00e9ployer, tout allait si vite !<\/p>\n\n\n\n<p>Vers 8 h, mes deux sages-femmes \u00e9taient l\u00e0, veillant discr\u00e8tement pendant que je restais dans ma bulle. Quand ma m\u00e8re est arriv\u00e9e \u00e0 8 h 20, les pouss\u00e9es \u00e9taient d\u00e9j\u00e0 l\u00e0. Aid\u00e9e pour sortir du bain, je me suis install\u00e9e sur le divan-lit, ressentant des pouss\u00e9es r\u00e9flexes puissantes. Surprise : mon sac amniotique est sorti en premier, intact. Ma sage-femme a choisi de le laisser tel quel pour une sortie en douceur. \u00c0 la pouss\u00e9e suivante, le sac s\u2019est rompu, et Olivia est n\u00e9e \u00e0 8 h 50. Avec ce bel accouchement \u00e0 domicile entour\u00e9e de mon \u00e9quipe, j\u2019ai pu commencer un post-partum serein, dans la douceur et le calme de ma maison.<\/p>\n","protected":false},"excerpt":{"rendered":"<p>La naissance d\u2019Olivia, ma deuxi\u00e8me enfant, a \u00e9t\u00e9 une exp\u00e9rience profond\u00e9ment transformatrice, r\u00e9conciliatrice apr\u00e8s un premier accouchement plus m\u00e9dicalis\u00e9. D\u00e8s le d\u00e9but de ma grossesse, j\u2019ai pr\u00e9par\u00e9 mon accouchement \u00e0 domicile (AAD) en \u00e9tant suivie par une \u00e9quipe de sages-femmes, avec le soutien pr\u00e9cieux de mon conjoint et de ma m\u00e8re. Dans le confort de [&hellip;]<\/p>\n","protected":false},"author":1,"featured_media":3043,"comment_status":"open","ping_status":"open","sticky":false,"template":"","format":"standard","meta":{"_acf_changed":false,"footnotes":""},"categories":[118],"tags":[162,232],"langue":[217],"class_list":["post-3053","post","type-post","status-publish","format-standard","has-post-thumbnail","hentry","category-at-home","tag-midwife","tag-rapid-delivery","langue-french"],"acf":[],"yoast_head":"<!-- This site is optimized with the Yoast SEO plugin v27.3 - https:\/\/yoast.com\/product\/yoast-seo-wordpress\/ -->\n<title>Belle naissance \u00e0 la maison d\u2019un b\u00e9b\u00e9 n\u00e9 coiff\u00e9 - At home - Du c\u0153ur au ventre<\/title>\n<meta name=\"robots\" content=\"index, follow, max-snippet:-1, max-image-preview:large, max-video-preview:-1\" \/>\n<link rel=\"canonical\" href=\"https:\/\/enfantement.org\/ducoeurauventre\/en\/stories\/at-home\/belle-naissance-a-la-maison-dun-bebe-ne-coiffe-2\/\" \/>\n<meta property=\"og:locale\" content=\"fr_CA\" \/>\n<meta property=\"og:type\" content=\"article\" \/>\n<meta property=\"og:title\" content=\"Belle naissance \u00e0 la maison d\u2019un b\u00e9b\u00e9 n\u00e9 coiff\u00e9 - At home - Du c\u0153ur au ventre\" \/>\n<meta property=\"og:description\" content=\"La naissance d\u2019Olivia, ma deuxi\u00e8me enfant, a \u00e9t\u00e9 une exp\u00e9rience profond\u00e9ment transformatrice, r\u00e9conciliatrice apr\u00e8s un premier accouchement plus m\u00e9dicalis\u00e9. D\u00e8s le d\u00e9but de ma grossesse, j\u2019ai pr\u00e9par\u00e9 mon accouchement \u00e0 domicile (AAD) en \u00e9tant suivie par une \u00e9quipe de sages-femmes, avec le soutien pr\u00e9cieux de mon conjoint et de ma m\u00e8re. Dans le confort de [&hellip;]\" \/>\n<meta property=\"og:url\" content=\"https:\/\/enfantement.org\/ducoeurauventre\/en\/stories\/at-home\/belle-naissance-a-la-maison-dun-bebe-ne-coiffe-2\/\" \/>\n<meta property=\"og:site_name\" content=\"Du c\u0153ur au ventre\" \/>\n<meta property=\"article:published_time\" content=\"2024-11-20T14:31:37+00:00\" \/>\n<meta property=\"article:modified_time\" content=\"2024-11-20T14:31:38+00:00\" \/>\n<meta property=\"og:image\" content=\"https:\/\/enfantement.org\/ducoeurauventre\/wp-content\/uploads\/2024\/11\/daphnee-hudon-01.jpg\" \/>\n\t<meta property=\"og:image:width\" content=\"602\" \/>\n\t<meta property=\"og:image:height\" content=\"803\" \/>\n\t<meta property=\"og:image:type\" content=\"image\/jpeg\" \/>\n<meta name=\"author\" content=\"Concepteur\" \/>\n<meta name=\"twitter:card\" content=\"summary_large_image\" \/>\n<meta name=\"twitter:label1\" content=\"\u00c9crit par\" \/>\n\t<meta name=\"twitter:data1\" content=\"Concepteur\" \/>\n\t<meta name=\"twitter:label2\" content=\"Estimation du temps de lecture\" \/>\n\t<meta name=\"twitter:data2\" content=\"2 minutes\" \/>\n<script type=\"application\/ld+json\" class=\"yoast-schema-graph\">{\"@context\":\"https:\\\/\\\/schema.org\",\"@graph\":[{\"@type\":\"Article\",\"@id\":\"https:\\\/\\\/enfantement.org\\\/ducoeurauventre\\\/en\\\/stories\\\/at-home\\\/belle-naissance-a-la-maison-dun-bebe-ne-coiffe-2\\\/#article\",\"isPartOf\":{\"@id\":\"https:\\\/\\\/enfantement.org\\\/ducoeurauventre\\\/en\\\/stories\\\/at-home\\\/belle-naissance-a-la-maison-dun-bebe-ne-coiffe-2\\\/\"},\"author\":{\"name\":\"Concepteur\",\"@id\":\"https:\\\/\\\/enfantement.org\\\/ducoeurauventre\\\/#\\\/schema\\\/person\\\/c2ac070e1d9d0e5b6098cb09fc1c2c80\"},\"headline\":\"Belle naissance \u00e0 la maison d\u2019un b\u00e9b\u00e9 n\u00e9 coiff\u00e9\",\"datePublished\":\"2024-11-20T14:31:37+00:00\",\"dateModified\":\"2024-11-20T14:31:38+00:00\",\"mainEntityOfPage\":{\"@id\":\"https:\\\/\\\/enfantement.org\\\/ducoeurauventre\\\/en\\\/stories\\\/at-home\\\/belle-naissance-a-la-maison-dun-bebe-ne-coiffe-2\\\/\"},\"wordCount\":316,\"commentCount\":0,\"publisher\":{\"@id\":\"https:\\\/\\\/enfantement.org\\\/ducoeurauventre\\\/#organization\"},\"image\":{\"@id\":\"https:\\\/\\\/enfantement.org\\\/ducoeurauventre\\\/en\\\/stories\\\/at-home\\\/belle-naissance-a-la-maison-dun-bebe-ne-coiffe-2\\\/#primaryimage\"},\"thumbnailUrl\":\"https:\\\/\\\/enfantement.org\\\/ducoeurauventre\\\/wp-content\\\/uploads\\\/2024\\\/11\\\/daphnee-hudon-01.jpg\",\"keywords\":[\"Midwife\",\"Rapid delivery\"],\"articleSection\":[\"At home\"],\"inLanguage\":\"fr-CA\",\"potentialAction\":[{\"@type\":\"CommentAction\",\"name\":\"Comment\",\"target\":[\"https:\\\/\\\/enfantement.org\\\/ducoeurauventre\\\/en\\\/stories\\\/at-home\\\/belle-naissance-a-la-maison-dun-bebe-ne-coiffe-2\\\/#respond\"]}]},{\"@type\":\"WebPage\",\"@id\":\"https:\\\/\\\/enfantement.org\\\/ducoeurauventre\\\/en\\\/stories\\\/at-home\\\/belle-naissance-a-la-maison-dun-bebe-ne-coiffe-2\\\/\",\"url\":\"https:\\\/\\\/enfantement.org\\\/ducoeurauventre\\\/en\\\/stories\\\/at-home\\\/belle-naissance-a-la-maison-dun-bebe-ne-coiffe-2\\\/\",\"name\":\"Belle naissance \u00e0 la maison d\u2019un b\u00e9b\u00e9 n\u00e9 coiff\u00e9 - At home - Du c\u0153ur au ventre\",\"isPartOf\":{\"@id\":\"https:\\\/\\\/enfantement.org\\\/ducoeurauventre\\\/#website\"},\"primaryImageOfPage\":{\"@id\":\"https:\\\/\\\/enfantement.org\\\/ducoeurauventre\\\/en\\\/stories\\\/at-home\\\/belle-naissance-a-la-maison-dun-bebe-ne-coiffe-2\\\/#primaryimage\"},\"image\":{\"@id\":\"https:\\\/\\\/enfantement.org\\\/ducoeurauventre\\\/en\\\/stories\\\/at-home\\\/belle-naissance-a-la-maison-dun-bebe-ne-coiffe-2\\\/#primaryimage\"},\"thumbnailUrl\":\"https:\\\/\\\/enfantement.org\\\/ducoeurauventre\\\/wp-content\\\/uploads\\\/2024\\\/11\\\/daphnee-hudon-01.jpg\",\"datePublished\":\"2024-11-20T14:31:37+00:00\",\"dateModified\":\"2024-11-20T14:31:38+00:00\",\"breadcrumb\":{\"@id\":\"https:\\\/\\\/enfantement.org\\\/ducoeurauventre\\\/en\\\/stories\\\/at-home\\\/belle-naissance-a-la-maison-dun-bebe-ne-coiffe-2\\\/#breadcrumb\"},\"inLanguage\":\"fr-CA\",\"potentialAction\":[{\"@type\":\"ReadAction\",\"target\":[\"https:\\\/\\\/enfantement.org\\\/ducoeurauventre\\\/en\\\/stories\\\/at-home\\\/belle-naissance-a-la-maison-dun-bebe-ne-coiffe-2\\\/\"]}]},{\"@type\":\"ImageObject\",\"inLanguage\":\"fr-CA\",\"@id\":\"https:\\\/\\\/enfantement.org\\\/ducoeurauventre\\\/en\\\/stories\\\/at-home\\\/belle-naissance-a-la-maison-dun-bebe-ne-coiffe-2\\\/#primaryimage\",\"url\":\"https:\\\/\\\/enfantement.org\\\/ducoeurauventre\\\/wp-content\\\/uploads\\\/2024\\\/11\\\/daphnee-hudon-01.jpg\",\"contentUrl\":\"https:\\\/\\\/enfantement.org\\\/ducoeurauventre\\\/wp-content\\\/uploads\\\/2024\\\/11\\\/daphnee-hudon-01.jpg\",\"width\":602,\"height\":803},{\"@type\":\"BreadcrumbList\",\"@id\":\"https:\\\/\\\/enfantement.org\\\/ducoeurauventre\\\/en\\\/stories\\\/at-home\\\/belle-naissance-a-la-maison-dun-bebe-ne-coiffe-2\\\/#breadcrumb\",\"itemListElement\":[{\"@type\":\"ListItem\",\"position\":1,\"name\":\"Accueil\",\"item\":\"https:\\\/\\\/enfantement.org\\\/ducoeurauventre\\\/\"},{\"@type\":\"ListItem\",\"position\":2,\"name\":\"Belle naissance \u00e0 la maison d\u2019un b\u00e9b\u00e9 n\u00e9 coiff\u00e9\"}]},{\"@type\":\"WebSite\",\"@id\":\"https:\\\/\\\/enfantement.org\\\/ducoeurauventre\\\/#website\",\"url\":\"https:\\\/\\\/enfantement.org\\\/ducoeurauventre\\\/\",\"name\":\"Du c\u0153ur au ventre\",\"description\":\"\",\"publisher\":{\"@id\":\"https:\\\/\\\/enfantement.org\\\/ducoeurauventre\\\/#organization\"},\"potentialAction\":[{\"@type\":\"SearchAction\",\"target\":{\"@type\":\"EntryPoint\",\"urlTemplate\":\"https:\\\/\\\/enfantement.org\\\/ducoeurauventre\\\/?s={search_term_string}\"},\"query-input\":{\"@type\":\"PropertyValueSpecification\",\"valueRequired\":true,\"valueName\":\"search_term_string\"}}],\"inLanguage\":\"fr-CA\"},{\"@type\":\"Organization\",\"@id\":\"https:\\\/\\\/enfantement.org\\\/ducoeurauventre\\\/#organization\",\"name\":\"Du c\u0153ur au ventre\",\"url\":\"https:\\\/\\\/enfantement.org\\\/ducoeurauventre\\\/\",\"logo\":{\"@type\":\"ImageObject\",\"inLanguage\":\"fr-CA\",\"@id\":\"https:\\\/\\\/enfantement.org\\\/ducoeurauventre\\\/#\\\/schema\\\/logo\\\/image\\\/\",\"url\":\"https:\\\/\\\/enfantement.org\\\/ducoeurauventre\\\/wp-content\\\/uploads\\\/2024\\\/05\\\/Groupe-1492.png\",\"contentUrl\":\"https:\\\/\\\/enfantement.org\\\/ducoeurauventre\\\/wp-content\\\/uploads\\\/2024\\\/05\\\/Groupe-1492.png\",\"width\":690,\"height\":143,\"caption\":\"Du c\u0153ur au ventre\"},\"image\":{\"@id\":\"https:\\\/\\\/enfantement.org\\\/ducoeurauventre\\\/#\\\/schema\\\/logo\\\/image\\\/\"}},{\"@type\":\"Person\",\"@id\":\"https:\\\/\\\/enfantement.org\\\/ducoeurauventre\\\/#\\\/schema\\\/person\\\/c2ac070e1d9d0e5b6098cb09fc1c2c80\",\"name\":\"Concepteur\",\"image\":{\"@type\":\"ImageObject\",\"inLanguage\":\"fr-CA\",\"@id\":\"https:\\\/\\\/secure.gravatar.com\\\/avatar\\\/40a73b18ccce9ed0a5d3a7f5c55a1c18a73d5d79af2b580fd94bd617d45635fb?s=96&d=mm&r=g\",\"url\":\"https:\\\/\\\/secure.gravatar.com\\\/avatar\\\/40a73b18ccce9ed0a5d3a7f5c55a1c18a73d5d79af2b580fd94bd617d45635fb?s=96&d=mm&r=g\",\"contentUrl\":\"https:\\\/\\\/secure.gravatar.com\\\/avatar\\\/40a73b18ccce9ed0a5d3a7f5c55a1c18a73d5d79af2b580fd94bd617d45635fb?s=96&d=mm&r=g\",\"caption\":\"Concepteur\"},\"sameAs\":[\"https:\\\/\\\/enfantement.org\\\/ducoeurauventre\"]}]}<\/script>\n<!-- \/ Yoast SEO plugin. -->","yoast_head_json":{"title":"Belle naissance \u00e0 la maison d\u2019un b\u00e9b\u00e9 n\u00e9 coiff\u00e9 - At home - Du c\u0153ur au ventre","robots":{"index":"index","follow":"follow","max-snippet":"max-snippet:-1","max-image-preview":"max-image-preview:large","max-video-preview":"max-video-preview:-1"},"canonical":"https:\/\/enfantement.org\/ducoeurauventre\/en\/stories\/at-home\/belle-naissance-a-la-maison-dun-bebe-ne-coiffe-2\/","og_locale":"fr_CA","og_type":"article","og_title":"Belle naissance \u00e0 la maison d\u2019un b\u00e9b\u00e9 n\u00e9 coiff\u00e9 - At home - Du c\u0153ur au ventre","og_description":"La naissance d\u2019Olivia, ma deuxi\u00e8me enfant, a \u00e9t\u00e9 une exp\u00e9rience profond\u00e9ment transformatrice, r\u00e9conciliatrice apr\u00e8s un premier accouchement plus m\u00e9dicalis\u00e9. D\u00e8s le d\u00e9but de ma grossesse, j\u2019ai pr\u00e9par\u00e9 mon accouchement \u00e0 domicile (AAD) en \u00e9tant suivie par une \u00e9quipe de sages-femmes, avec le soutien pr\u00e9cieux de mon conjoint et de ma m\u00e8re. Dans le confort de [&hellip;]","og_url":"https:\/\/enfantement.org\/ducoeurauventre\/en\/stories\/at-home\/belle-naissance-a-la-maison-dun-bebe-ne-coiffe-2\/","og_site_name":"Du c\u0153ur au ventre","article_published_time":"2024-11-20T14:31:37+00:00","article_modified_time":"2024-11-20T14:31:38+00:00","og_image":[{"width":602,"height":803,"url":"https:\/\/enfantement.org\/ducoeurauventre\/wp-content\/uploads\/2024\/11\/daphnee-hudon-01.jpg","type":"image\/jpeg"}],"author":"Concepteur","twitter_card":"summary_large_image","twitter_misc":{"\u00c9crit par":"Concepteur","Estimation du temps de lecture":"2 minutes"},"schema":{"@context":"https:\/\/schema.org","@graph":[{"@type":"Article","@id":"https:\/\/enfantement.org\/ducoeurauventre\/en\/stories\/at-home\/belle-naissance-a-la-maison-dun-bebe-ne-coiffe-2\/#article","isPartOf":{"@id":"https:\/\/enfantement.org\/ducoeurauventre\/en\/stories\/at-home\/belle-naissance-a-la-maison-dun-bebe-ne-coiffe-2\/"},"author":{"name":"Concepteur","@id":"https:\/\/enfantement.org\/ducoeurauventre\/#\/schema\/person\/c2ac070e1d9d0e5b6098cb09fc1c2c80"},"headline":"Belle naissance \u00e0 la maison d\u2019un b\u00e9b\u00e9 n\u00e9 coiff\u00e9","datePublished":"2024-11-20T14:31:37+00:00","dateModified":"2024-11-20T14:31:38+00:00","mainEntityOfPage":{"@id":"https:\/\/enfantement.org\/ducoeurauventre\/en\/stories\/at-home\/belle-naissance-a-la-maison-dun-bebe-ne-coiffe-2\/"},"wordCount":316,"commentCount":0,"publisher":{"@id":"https:\/\/enfantement.org\/ducoeurauventre\/#organization"},"image":{"@id":"https:\/\/enfantement.org\/ducoeurauventre\/en\/stories\/at-home\/belle-naissance-a-la-maison-dun-bebe-ne-coiffe-2\/#primaryimage"},"thumbnailUrl":"https:\/\/enfantement.org\/ducoeurauventre\/wp-content\/uploads\/2024\/11\/daphnee-hudon-01.jpg","keywords":["Midwife","Rapid delivery"],"articleSection":["At home"],"inLanguage":"fr-CA","potentialAction":[{"@type":"CommentAction","name":"Comment","target":["https:\/\/enfantement.org\/ducoeurauventre\/en\/stories\/at-home\/belle-naissance-a-la-maison-dun-bebe-ne-coiffe-2\/#respond"]}]},{"@type":"WebPage","@id":"https:\/\/enfantement.org\/ducoeurauventre\/en\/stories\/at-home\/belle-naissance-a-la-maison-dun-bebe-ne-coiffe-2\/","url":"https:\/\/enfantement.org\/ducoeurauventre\/en\/stories\/at-home\/belle-naissance-a-la-maison-dun-bebe-ne-coiffe-2\/","name":"Belle naissance \u00e0 la maison d\u2019un b\u00e9b\u00e9 n\u00e9 coiff\u00e9 - At home - Du c\u0153ur au ventre","isPartOf":{"@id":"https:\/\/enfantement.org\/ducoeurauventre\/#website"},"primaryImageOfPage":{"@id":"https:\/\/enfantement.org\/ducoeurauventre\/en\/stories\/at-home\/belle-naissance-a-la-maison-dun-bebe-ne-coiffe-2\/#primaryimage"},"image":{"@id":"https:\/\/enfantement.org\/ducoeurauventre\/en\/stories\/at-home\/belle-naissance-a-la-maison-dun-bebe-ne-coiffe-2\/#primaryimage"},"thumbnailUrl":"https:\/\/enfantement.org\/ducoeurauventre\/wp-content\/uploads\/2024\/11\/daphnee-hudon-01.jpg","datePublished":"2024-11-20T14:31:37+00:00","dateModified":"2024-11-20T14:31:38+00:00","breadcrumb":{"@id":"https:\/\/enfantement.org\/ducoeurauventre\/en\/stories\/at-home\/belle-naissance-a-la-maison-dun-bebe-ne-coiffe-2\/#breadcrumb"},"inLanguage":"fr-CA","potentialAction":[{"@type":"ReadAction","target":["https:\/\/enfantement.org\/ducoeurauventre\/en\/stories\/at-home\/belle-naissance-a-la-maison-dun-bebe-ne-coiffe-2\/"]}]},{"@type":"ImageObject","inLanguage":"fr-CA","@id":"https:\/\/enfantement.org\/ducoeurauventre\/en\/stories\/at-home\/belle-naissance-a-la-maison-dun-bebe-ne-coiffe-2\/#primaryimage","url":"https:\/\/enfantement.org\/ducoeurauventre\/wp-content\/uploads\/2024\/11\/daphnee-hudon-01.jpg","contentUrl":"https:\/\/enfantement.org\/ducoeurauventre\/wp-content\/uploads\/2024\/11\/daphnee-hudon-01.jpg","width":602,"height":803},{"@type":"BreadcrumbList","@id":"https:\/\/enfantement.org\/ducoeurauventre\/en\/stories\/at-home\/belle-naissance-a-la-maison-dun-bebe-ne-coiffe-2\/#breadcrumb","itemListElement":[{"@type":"ListItem","position":1,"name":"Accueil","item":"https:\/\/enfantement.org\/ducoeurauventre\/"},{"@type":"ListItem","position":2,"name":"Belle naissance \u00e0 la maison d\u2019un b\u00e9b\u00e9 n\u00e9 coiff\u00e9"}]},{"@type":"WebSite","@id":"https:\/\/enfantement.org\/ducoeurauventre\/#website","url":"https:\/\/enfantement.org\/ducoeurauventre\/","name":"Du c\u0153ur au ventre","description":"","publisher":{"@id":"https:\/\/enfantement.org\/ducoeurauventre\/#organization"},"potentialAction":[{"@type":"SearchAction","target":{"@type":"EntryPoint","urlTemplate":"https:\/\/enfantement.org\/ducoeurauventre\/?s={search_term_string}"},"query-input":{"@type":"PropertyValueSpecification","valueRequired":true,"valueName":"search_term_string"}}],"inLanguage":"fr-CA"},{"@type":"Organization","@id":"https:\/\/enfantement.org\/ducoeurauventre\/#organization","name":"Du c\u0153ur au ventre","url":"https:\/\/enfantement.org\/ducoeurauventre\/","logo":{"@type":"ImageObject","inLanguage":"fr-CA","@id":"https:\/\/enfantement.org\/ducoeurauventre\/#\/schema\/logo\/image\/","url":"https:\/\/enfantement.org\/ducoeurauventre\/wp-content\/uploads\/2024\/05\/Groupe-1492.png","contentUrl":"https:\/\/enfantement.org\/ducoeurauventre\/wp-content\/uploads\/2024\/05\/Groupe-1492.png","width":690,"height":143,"caption":"Du c\u0153ur au ventre"},"image":{"@id":"https:\/\/enfantement.org\/ducoeurauventre\/#\/schema\/logo\/image\/"}},{"@type":"Person","@id":"https:\/\/enfantement.org\/ducoeurauventre\/#\/schema\/person\/c2ac070e1d9d0e5b6098cb09fc1c2c80","name":"Concepteur","image":{"@type":"ImageObject","inLanguage":"fr-CA","@id":"https:\/\/secure.gravatar.com\/avatar\/40a73b18ccce9ed0a5d3a7f5c55a1c18a73d5d79af2b580fd94bd617d45635fb?s=96&d=mm&r=g","url":"https:\/\/secure.gravatar.com\/avatar\/40a73b18ccce9ed0a5d3a7f5c55a1c18a73d5d79af2b580fd94bd617d45635fb?s=96&d=mm&r=g","contentUrl":"https:\/\/secure.gravatar.com\/avatar\/40a73b18ccce9ed0a5d3a7f5c55a1c18a73d5d79af2b580fd94bd617d45635fb?s=96&d=mm&r=g","caption":"Concepteur"},"sameAs":["https:\/\/enfantement.org\/ducoeurauventre"]}]}},"_links":{"self":[{"href":"https:\/\/enfantement.org\/ducoeurauventre\/wp-json\/wp\/v2\/posts\/3053","targetHints":{"allow":["GET"]}}],"collection":[{"href":"https:\/\/enfantement.org\/ducoeurauventre\/wp-json\/wp\/v2\/posts"}],"about":[{"href":"https:\/\/enfantement.org\/ducoeurauventre\/wp-json\/wp\/v2\/types\/post"}],"author":[{"embeddable":true,"href":"https:\/\/enfantement.org\/ducoeurauventre\/wp-json\/wp\/v2\/users\/1"}],"replies":[{"embeddable":true,"href":"https:\/\/enfantement.org\/ducoeurauventre\/wp-json\/wp\/v2\/comments?post=3053"}],"version-history":[{"count":1,"href":"https:\/\/enfantement.org\/ducoeurauventre\/wp-json\/wp\/v2\/posts\/3053\/revisions"}],"predecessor-version":[{"id":3055,"href":"https:\/\/enfantement.org\/ducoeurauventre\/wp-json\/wp\/v2\/posts\/3053\/revisions\/3055"}],"wp:featuredmedia":[{"embeddable":true,"href":"https:\/\/enfantement.org\/ducoeurauventre\/wp-json\/wp\/v2\/media\/3043"}],"wp:attachment":[{"href":"https:\/\/enfantement.org\/ducoeurauventre\/wp-json\/wp\/v2\/media?parent=3053"}],"wp:term":[{"taxonomy":"category","embeddable":true,"href":"https:\/\/enfantement.org\/ducoeurauventre\/wp-json\/wp\/v2\/categories?post=3053"},{"taxonomy":"post_tag","embeddable":true,"href":"https:\/\/enfantement.org\/ducoeurauventre\/wp-json\/wp\/v2\/tags?post=3053"},{"taxonomy":"langue","embeddable":true,"href":"https:\/\/enfantement.org\/ducoeurauventre\/wp-json\/wp\/v2\/langue?post=3053"}],"curies":[{"name":"wp","href":"https:\/\/api.w.org\/{rel}","templated":true}]}}