{"id":2833,"date":"2024-08-29T17:38:19","date_gmt":"2024-08-29T21:38:19","guid":{"rendered":"https:\/\/enfantement.org\/ducoeurauventre\/?p=2833"},"modified":"2024-08-30T09:56:24","modified_gmt":"2024-08-30T13:56:24","slug":"jai-decouvert-ma-puissance-de-femme-le-jour-ou-jai-accouche-2","status":"publish","type":"post","link":"https:\/\/enfantement.org\/ducoeurauventre\/en\/stories\/birth-center\/jai-decouvert-ma-puissance-de-femme-le-jour-ou-jai-accouche-2\/","title":{"rendered":"J\u2019ai d\u00e9couvert ma puissance de femme le jour o\u00f9 j\u2019ai accouch\u00e9"},"content":{"rendered":"\n<p>Anne Julien, une femme inspirante et r\u00e9siliente, raconte comment elle a d\u00e9couvert sa puissance de femme \u00e0 travers ses exp\u00e9riences d&rsquo;accouchement, partag\u00e9es dans son t\u00e9moignage \u00ab\u00a0J\u2019ai d\u00e9couvert ma puissance de femme le jour o\u00f9 j\u2019ai accouch\u00e9\u00a0\u00bb. Initialement terrifi\u00e9e par l&rsquo;id\u00e9e de souffrir, elle opte pour un accouchement en maison de naissance apr\u00e8s une exp\u00e9rience d\u00e9cevante avec le syst\u00e8me hospitalier. Gr\u00e2ce au soutien d&rsquo;une sage-femme et \u00e0 ses lectures sur les accouchements naturels, Anne se pr\u00e9pare mentalement et physiquement. Son premier accouchement, marqu\u00e9 par des contractions intenses et une connexion profonde avec son b\u00e9b\u00e9, se d\u00e9roule de mani\u00e8re inattendue mais profond\u00e9ment \u00e9mouvante. Pour son second accouchement, elle se sent plus confiante et soutenue par un cercle d&rsquo;amies, malgr\u00e9 les contraintes impos\u00e9es par la pand\u00e9mie. Cette exp\u00e9rience lui permet de r\u00e9aliser pleinement la force et la sagesse de son corps, et elle d\u00e9cide de consacrer sa vie \u00e0 aider d&rsquo;autres femmes \u00e0 lib\u00e9rer leur parole autour de la maternit\u00e9, encourageant ainsi une nouvelle g\u00e9n\u00e9ration de m\u00e8res \u00e0 embrasser leur propre puissance.<\/p>\n","protected":false},"excerpt":{"rendered":"<p>Anne Julien, une femme inspirante et r\u00e9siliente, raconte comment elle a d\u00e9couvert sa puissance de femme \u00e0 travers ses exp\u00e9riences d&rsquo;accouchement, partag\u00e9es dans son t\u00e9moignage \u00ab\u00a0J\u2019ai d\u00e9couvert ma puissance de femme le jour o\u00f9 j\u2019ai accouch\u00e9\u00a0\u00bb. Initialement terrifi\u00e9e par l&rsquo;id\u00e9e de souffrir, elle opte pour un accouchement en maison de naissance apr\u00e8s une exp\u00e9rience d\u00e9cevante [&hellip;]<\/p>\n","protected":false},"author":1,"featured_media":2066,"comment_status":"open","ping_status":"open","sticky":false,"template":"","format":"standard","meta":{"_acf_changed":false,"footnotes":""},"categories":[122],"tags":[132,140,158],"langue":[217],"class_list":["post-2833","post","type-post","status-publish","format-standard","has-post-thumbnail","hentry","category-birth-center","tag-change-of-birth-plan","tag-sacred-feminine","tag-strength","langue-french"],"acf":[],"yoast_head":"<!-- This site is optimized with the Yoast SEO plugin v27.3 - https:\/\/yoast.com\/product\/yoast-seo-wordpress\/ -->\n<title>J\u2019ai d\u00e9couvert ma puissance de femme le jour o\u00f9 j\u2019ai accouch\u00e9 - Birth center - Du c\u0153ur au ventre<\/title>\n<meta name=\"robots\" content=\"index, follow, max-snippet:-1, max-image-preview:large, max-video-preview:-1\" \/>\n<link rel=\"canonical\" href=\"https:\/\/enfantement.org\/ducoeurauventre\/en\/stories\/birth-center\/jai-decouvert-ma-puissance-de-femme-le-jour-ou-jai-accouche-2\/\" \/>\n<meta property=\"og:locale\" content=\"fr_CA\" \/>\n<meta property=\"og:type\" content=\"article\" \/>\n<meta property=\"og:title\" content=\"J\u2019ai d\u00e9couvert ma puissance de femme le jour o\u00f9 j\u2019ai accouch\u00e9 - Birth center - Du c\u0153ur au ventre\" \/>\n<meta property=\"og:description\" content=\"Anne Julien, une femme inspirante et r\u00e9siliente, raconte comment elle a d\u00e9couvert sa puissance de femme \u00e0 travers ses exp\u00e9riences d&rsquo;accouchement, partag\u00e9es dans son t\u00e9moignage \u00ab\u00a0J\u2019ai d\u00e9couvert ma puissance de femme le jour o\u00f9 j\u2019ai accouch\u00e9\u00a0\u00bb. Initialement terrifi\u00e9e par l&rsquo;id\u00e9e de souffrir, elle opte pour un accouchement en maison de naissance apr\u00e8s une exp\u00e9rience d\u00e9cevante [&hellip;]\" \/>\n<meta property=\"og:url\" content=\"https:\/\/enfantement.org\/ducoeurauventre\/en\/stories\/birth-center\/jai-decouvert-ma-puissance-de-femme-le-jour-ou-jai-accouche-2\/\" \/>\n<meta property=\"og:site_name\" content=\"Du c\u0153ur au ventre\" \/>\n<meta property=\"article:published_time\" content=\"2024-08-29T21:38:19+00:00\" \/>\n<meta property=\"article:modified_time\" content=\"2024-08-30T13:56:24+00:00\" \/>\n<meta property=\"og:image\" content=\"https:\/\/enfantement.org\/ducoeurauventre\/wp-content\/uploads\/2024\/07\/recit03.jpg\" \/>\n\t<meta property=\"og:image:width\" content=\"602\" \/>\n\t<meta property=\"og:image:height\" content=\"401\" \/>\n\t<meta property=\"og:image:type\" content=\"image\/jpeg\" \/>\n<meta name=\"author\" content=\"Concepteur\" \/>\n<meta name=\"twitter:card\" content=\"summary_large_image\" \/>\n<meta name=\"twitter:label1\" content=\"\u00c9crit par\" \/>\n\t<meta name=\"twitter:data1\" content=\"Concepteur\" \/>\n\t<meta name=\"twitter:label2\" content=\"Estimation du temps de lecture\" \/>\n\t<meta name=\"twitter:data2\" content=\"2 minutes\" \/>\n<script type=\"application\/ld+json\" class=\"yoast-schema-graph\">{\"@context\":\"https:\\\/\\\/schema.org\",\"@graph\":[{\"@type\":\"Article\",\"@id\":\"https:\\\/\\\/enfantement.org\\\/ducoeurauventre\\\/en\\\/stories\\\/birth-center\\\/jai-decouvert-ma-puissance-de-femme-le-jour-ou-jai-accouche-2\\\/#article\",\"isPartOf\":{\"@id\":\"https:\\\/\\\/enfantement.org\\\/ducoeurauventre\\\/en\\\/stories\\\/birth-center\\\/jai-decouvert-ma-puissance-de-femme-le-jour-ou-jai-accouche-2\\\/\"},\"author\":{\"name\":\"Concepteur\",\"@id\":\"https:\\\/\\\/enfantement.org\\\/ducoeurauventre\\\/#\\\/schema\\\/person\\\/c2ac070e1d9d0e5b6098cb09fc1c2c80\"},\"headline\":\"J\u2019ai d\u00e9couvert ma puissance de femme le jour o\u00f9 j\u2019ai accouch\u00e9\",\"datePublished\":\"2024-08-29T21:38:19+00:00\",\"dateModified\":\"2024-08-30T13:56:24+00:00\",\"mainEntityOfPage\":{\"@id\":\"https:\\\/\\\/enfantement.org\\\/ducoeurauventre\\\/en\\\/stories\\\/birth-center\\\/jai-decouvert-ma-puissance-de-femme-le-jour-ou-jai-accouche-2\\\/\"},\"wordCount\":212,\"commentCount\":0,\"publisher\":{\"@id\":\"https:\\\/\\\/enfantement.org\\\/ducoeurauventre\\\/#organization\"},\"image\":{\"@id\":\"https:\\\/\\\/enfantement.org\\\/ducoeurauventre\\\/en\\\/stories\\\/birth-center\\\/jai-decouvert-ma-puissance-de-femme-le-jour-ou-jai-accouche-2\\\/#primaryimage\"},\"thumbnailUrl\":\"https:\\\/\\\/enfantement.org\\\/ducoeurauventre\\\/wp-content\\\/uploads\\\/2024\\\/07\\\/recit03.jpg\",\"keywords\":[\"Change of birth plan\",\"Sacred feminine\",\"Strength\"],\"articleSection\":[\"Birth center\"],\"inLanguage\":\"fr-CA\",\"potentialAction\":[{\"@type\":\"CommentAction\",\"name\":\"Comment\",\"target\":[\"https:\\\/\\\/enfantement.org\\\/ducoeurauventre\\\/en\\\/stories\\\/birth-center\\\/jai-decouvert-ma-puissance-de-femme-le-jour-ou-jai-accouche-2\\\/#respond\"]}]},{\"@type\":\"WebPage\",\"@id\":\"https:\\\/\\\/enfantement.org\\\/ducoeurauventre\\\/en\\\/stories\\\/birth-center\\\/jai-decouvert-ma-puissance-de-femme-le-jour-ou-jai-accouche-2\\\/\",\"url\":\"https:\\\/\\\/enfantement.org\\\/ducoeurauventre\\\/en\\\/stories\\\/birth-center\\\/jai-decouvert-ma-puissance-de-femme-le-jour-ou-jai-accouche-2\\\/\",\"name\":\"J\u2019ai d\u00e9couvert ma puissance de femme le jour o\u00f9 j\u2019ai accouch\u00e9 - Birth center - Du c\u0153ur au ventre\",\"isPartOf\":{\"@id\":\"https:\\\/\\\/enfantement.org\\\/ducoeurauventre\\\/#website\"},\"primaryImageOfPage\":{\"@id\":\"https:\\\/\\\/enfantement.org\\\/ducoeurauventre\\\/en\\\/stories\\\/birth-center\\\/jai-decouvert-ma-puissance-de-femme-le-jour-ou-jai-accouche-2\\\/#primaryimage\"},\"image\":{\"@id\":\"https:\\\/\\\/enfantement.org\\\/ducoeurauventre\\\/en\\\/stories\\\/birth-center\\\/jai-decouvert-ma-puissance-de-femme-le-jour-ou-jai-accouche-2\\\/#primaryimage\"},\"thumbnailUrl\":\"https:\\\/\\\/enfantement.org\\\/ducoeurauventre\\\/wp-content\\\/uploads\\\/2024\\\/07\\\/recit03.jpg\",\"datePublished\":\"2024-08-29T21:38:19+00:00\",\"dateModified\":\"2024-08-30T13:56:24+00:00\",\"breadcrumb\":{\"@id\":\"https:\\\/\\\/enfantement.org\\\/ducoeurauventre\\\/en\\\/stories\\\/birth-center\\\/jai-decouvert-ma-puissance-de-femme-le-jour-ou-jai-accouche-2\\\/#breadcrumb\"},\"inLanguage\":\"fr-CA\",\"potentialAction\":[{\"@type\":\"ReadAction\",\"target\":[\"https:\\\/\\\/enfantement.org\\\/ducoeurauventre\\\/en\\\/stories\\\/birth-center\\\/jai-decouvert-ma-puissance-de-femme-le-jour-ou-jai-accouche-2\\\/\"]}]},{\"@type\":\"ImageObject\",\"inLanguage\":\"fr-CA\",\"@id\":\"https:\\\/\\\/enfantement.org\\\/ducoeurauventre\\\/en\\\/stories\\\/birth-center\\\/jai-decouvert-ma-puissance-de-femme-le-jour-ou-jai-accouche-2\\\/#primaryimage\",\"url\":\"https:\\\/\\\/enfantement.org\\\/ducoeurauventre\\\/wp-content\\\/uploads\\\/2024\\\/07\\\/recit03.jpg\",\"contentUrl\":\"https:\\\/\\\/enfantement.org\\\/ducoeurauventre\\\/wp-content\\\/uploads\\\/2024\\\/07\\\/recit03.jpg\",\"width\":602,\"height\":401},{\"@type\":\"BreadcrumbList\",\"@id\":\"https:\\\/\\\/enfantement.org\\\/ducoeurauventre\\\/en\\\/stories\\\/birth-center\\\/jai-decouvert-ma-puissance-de-femme-le-jour-ou-jai-accouche-2\\\/#breadcrumb\",\"itemListElement\":[{\"@type\":\"ListItem\",\"position\":1,\"name\":\"Accueil\",\"item\":\"https:\\\/\\\/enfantement.org\\\/ducoeurauventre\\\/\"},{\"@type\":\"ListItem\",\"position\":2,\"name\":\"J\u2019ai d\u00e9couvert ma puissance de femme le jour o\u00f9 j\u2019ai accouch\u00e9\"}]},{\"@type\":\"WebSite\",\"@id\":\"https:\\\/\\\/enfantement.org\\\/ducoeurauventre\\\/#website\",\"url\":\"https:\\\/\\\/enfantement.org\\\/ducoeurauventre\\\/\",\"name\":\"Du c\u0153ur au ventre\",\"description\":\"\",\"publisher\":{\"@id\":\"https:\\\/\\\/enfantement.org\\\/ducoeurauventre\\\/#organization\"},\"potentialAction\":[{\"@type\":\"SearchAction\",\"target\":{\"@type\":\"EntryPoint\",\"urlTemplate\":\"https:\\\/\\\/enfantement.org\\\/ducoeurauventre\\\/?s={search_term_string}\"},\"query-input\":{\"@type\":\"PropertyValueSpecification\",\"valueRequired\":true,\"valueName\":\"search_term_string\"}}],\"inLanguage\":\"fr-CA\"},{\"@type\":\"Organization\",\"@id\":\"https:\\\/\\\/enfantement.org\\\/ducoeurauventre\\\/#organization\",\"name\":\"Du c\u0153ur au ventre\",\"url\":\"https:\\\/\\\/enfantement.org\\\/ducoeurauventre\\\/\",\"logo\":{\"@type\":\"ImageObject\",\"inLanguage\":\"fr-CA\",\"@id\":\"https:\\\/\\\/enfantement.org\\\/ducoeurauventre\\\/#\\\/schema\\\/logo\\\/image\\\/\",\"url\":\"https:\\\/\\\/enfantement.org\\\/ducoeurauventre\\\/wp-content\\\/uploads\\\/2024\\\/05\\\/Groupe-1492.png\",\"contentUrl\":\"https:\\\/\\\/enfantement.org\\\/ducoeurauventre\\\/wp-content\\\/uploads\\\/2024\\\/05\\\/Groupe-1492.png\",\"width\":690,\"height\":143,\"caption\":\"Du c\u0153ur au ventre\"},\"image\":{\"@id\":\"https:\\\/\\\/enfantement.org\\\/ducoeurauventre\\\/#\\\/schema\\\/logo\\\/image\\\/\"}},{\"@type\":\"Person\",\"@id\":\"https:\\\/\\\/enfantement.org\\\/ducoeurauventre\\\/#\\\/schema\\\/person\\\/c2ac070e1d9d0e5b6098cb09fc1c2c80\",\"name\":\"Concepteur\",\"image\":{\"@type\":\"ImageObject\",\"inLanguage\":\"fr-CA\",\"@id\":\"https:\\\/\\\/secure.gravatar.com\\\/avatar\\\/40a73b18ccce9ed0a5d3a7f5c55a1c18a73d5d79af2b580fd94bd617d45635fb?s=96&d=mm&r=g\",\"url\":\"https:\\\/\\\/secure.gravatar.com\\\/avatar\\\/40a73b18ccce9ed0a5d3a7f5c55a1c18a73d5d79af2b580fd94bd617d45635fb?s=96&d=mm&r=g\",\"contentUrl\":\"https:\\\/\\\/secure.gravatar.com\\\/avatar\\\/40a73b18ccce9ed0a5d3a7f5c55a1c18a73d5d79af2b580fd94bd617d45635fb?s=96&d=mm&r=g\",\"caption\":\"Concepteur\"},\"sameAs\":[\"https:\\\/\\\/enfantement.org\\\/ducoeurauventre\"]}]}<\/script>\n<!-- \/ Yoast SEO plugin. -->","yoast_head_json":{"title":"J\u2019ai d\u00e9couvert ma puissance de femme le jour o\u00f9 j\u2019ai accouch\u00e9 - Birth center - Du c\u0153ur au ventre","robots":{"index":"index","follow":"follow","max-snippet":"max-snippet:-1","max-image-preview":"max-image-preview:large","max-video-preview":"max-video-preview:-1"},"canonical":"https:\/\/enfantement.org\/ducoeurauventre\/en\/stories\/birth-center\/jai-decouvert-ma-puissance-de-femme-le-jour-ou-jai-accouche-2\/","og_locale":"fr_CA","og_type":"article","og_title":"J\u2019ai d\u00e9couvert ma puissance de femme le jour o\u00f9 j\u2019ai accouch\u00e9 - Birth center - Du c\u0153ur au ventre","og_description":"Anne Julien, une femme inspirante et r\u00e9siliente, raconte comment elle a d\u00e9couvert sa puissance de femme \u00e0 travers ses exp\u00e9riences d&rsquo;accouchement, partag\u00e9es dans son t\u00e9moignage \u00ab\u00a0J\u2019ai d\u00e9couvert ma puissance de femme le jour o\u00f9 j\u2019ai accouch\u00e9\u00a0\u00bb. Initialement terrifi\u00e9e par l&rsquo;id\u00e9e de souffrir, elle opte pour un accouchement en maison de naissance apr\u00e8s une exp\u00e9rience d\u00e9cevante [&hellip;]","og_url":"https:\/\/enfantement.org\/ducoeurauventre\/en\/stories\/birth-center\/jai-decouvert-ma-puissance-de-femme-le-jour-ou-jai-accouche-2\/","og_site_name":"Du c\u0153ur au ventre","article_published_time":"2024-08-29T21:38:19+00:00","article_modified_time":"2024-08-30T13:56:24+00:00","og_image":[{"width":602,"height":401,"url":"https:\/\/enfantement.org\/ducoeurauventre\/wp-content\/uploads\/2024\/07\/recit03.jpg","type":"image\/jpeg"}],"author":"Concepteur","twitter_card":"summary_large_image","twitter_misc":{"\u00c9crit par":"Concepteur","Estimation du temps de lecture":"2 minutes"},"schema":{"@context":"https:\/\/schema.org","@graph":[{"@type":"Article","@id":"https:\/\/enfantement.org\/ducoeurauventre\/en\/stories\/birth-center\/jai-decouvert-ma-puissance-de-femme-le-jour-ou-jai-accouche-2\/#article","isPartOf":{"@id":"https:\/\/enfantement.org\/ducoeurauventre\/en\/stories\/birth-center\/jai-decouvert-ma-puissance-de-femme-le-jour-ou-jai-accouche-2\/"},"author":{"name":"Concepteur","@id":"https:\/\/enfantement.org\/ducoeurauventre\/#\/schema\/person\/c2ac070e1d9d0e5b6098cb09fc1c2c80"},"headline":"J\u2019ai d\u00e9couvert ma puissance de femme le jour o\u00f9 j\u2019ai accouch\u00e9","datePublished":"2024-08-29T21:38:19+00:00","dateModified":"2024-08-30T13:56:24+00:00","mainEntityOfPage":{"@id":"https:\/\/enfantement.org\/ducoeurauventre\/en\/stories\/birth-center\/jai-decouvert-ma-puissance-de-femme-le-jour-ou-jai-accouche-2\/"},"wordCount":212,"commentCount":0,"publisher":{"@id":"https:\/\/enfantement.org\/ducoeurauventre\/#organization"},"image":{"@id":"https:\/\/enfantement.org\/ducoeurauventre\/en\/stories\/birth-center\/jai-decouvert-ma-puissance-de-femme-le-jour-ou-jai-accouche-2\/#primaryimage"},"thumbnailUrl":"https:\/\/enfantement.org\/ducoeurauventre\/wp-content\/uploads\/2024\/07\/recit03.jpg","keywords":["Change of birth plan","Sacred feminine","Strength"],"articleSection":["Birth center"],"inLanguage":"fr-CA","potentialAction":[{"@type":"CommentAction","name":"Comment","target":["https:\/\/enfantement.org\/ducoeurauventre\/en\/stories\/birth-center\/jai-decouvert-ma-puissance-de-femme-le-jour-ou-jai-accouche-2\/#respond"]}]},{"@type":"WebPage","@id":"https:\/\/enfantement.org\/ducoeurauventre\/en\/stories\/birth-center\/jai-decouvert-ma-puissance-de-femme-le-jour-ou-jai-accouche-2\/","url":"https:\/\/enfantement.org\/ducoeurauventre\/en\/stories\/birth-center\/jai-decouvert-ma-puissance-de-femme-le-jour-ou-jai-accouche-2\/","name":"J\u2019ai d\u00e9couvert ma puissance de femme le jour o\u00f9 j\u2019ai accouch\u00e9 - Birth center - Du c\u0153ur au ventre","isPartOf":{"@id":"https:\/\/enfantement.org\/ducoeurauventre\/#website"},"primaryImageOfPage":{"@id":"https:\/\/enfantement.org\/ducoeurauventre\/en\/stories\/birth-center\/jai-decouvert-ma-puissance-de-femme-le-jour-ou-jai-accouche-2\/#primaryimage"},"image":{"@id":"https:\/\/enfantement.org\/ducoeurauventre\/en\/stories\/birth-center\/jai-decouvert-ma-puissance-de-femme-le-jour-ou-jai-accouche-2\/#primaryimage"},"thumbnailUrl":"https:\/\/enfantement.org\/ducoeurauventre\/wp-content\/uploads\/2024\/07\/recit03.jpg","datePublished":"2024-08-29T21:38:19+00:00","dateModified":"2024-08-30T13:56:24+00:00","breadcrumb":{"@id":"https:\/\/enfantement.org\/ducoeurauventre\/en\/stories\/birth-center\/jai-decouvert-ma-puissance-de-femme-le-jour-ou-jai-accouche-2\/#breadcrumb"},"inLanguage":"fr-CA","potentialAction":[{"@type":"ReadAction","target":["https:\/\/enfantement.org\/ducoeurauventre\/en\/stories\/birth-center\/jai-decouvert-ma-puissance-de-femme-le-jour-ou-jai-accouche-2\/"]}]},{"@type":"ImageObject","inLanguage":"fr-CA","@id":"https:\/\/enfantement.org\/ducoeurauventre\/en\/stories\/birth-center\/jai-decouvert-ma-puissance-de-femme-le-jour-ou-jai-accouche-2\/#primaryimage","url":"https:\/\/enfantement.org\/ducoeurauventre\/wp-content\/uploads\/2024\/07\/recit03.jpg","contentUrl":"https:\/\/enfantement.org\/ducoeurauventre\/wp-content\/uploads\/2024\/07\/recit03.jpg","width":602,"height":401},{"@type":"BreadcrumbList","@id":"https:\/\/enfantement.org\/ducoeurauventre\/en\/stories\/birth-center\/jai-decouvert-ma-puissance-de-femme-le-jour-ou-jai-accouche-2\/#breadcrumb","itemListElement":[{"@type":"ListItem","position":1,"name":"Accueil","item":"https:\/\/enfantement.org\/ducoeurauventre\/"},{"@type":"ListItem","position":2,"name":"J\u2019ai d\u00e9couvert ma puissance de femme le jour o\u00f9 j\u2019ai accouch\u00e9"}]},{"@type":"WebSite","@id":"https:\/\/enfantement.org\/ducoeurauventre\/#website","url":"https:\/\/enfantement.org\/ducoeurauventre\/","name":"Du c\u0153ur au ventre","description":"","publisher":{"@id":"https:\/\/enfantement.org\/ducoeurauventre\/#organization"},"potentialAction":[{"@type":"SearchAction","target":{"@type":"EntryPoint","urlTemplate":"https:\/\/enfantement.org\/ducoeurauventre\/?s={search_term_string}"},"query-input":{"@type":"PropertyValueSpecification","valueRequired":true,"valueName":"search_term_string"}}],"inLanguage":"fr-CA"},{"@type":"Organization","@id":"https:\/\/enfantement.org\/ducoeurauventre\/#organization","name":"Du c\u0153ur au ventre","url":"https:\/\/enfantement.org\/ducoeurauventre\/","logo":{"@type":"ImageObject","inLanguage":"fr-CA","@id":"https:\/\/enfantement.org\/ducoeurauventre\/#\/schema\/logo\/image\/","url":"https:\/\/enfantement.org\/ducoeurauventre\/wp-content\/uploads\/2024\/05\/Groupe-1492.png","contentUrl":"https:\/\/enfantement.org\/ducoeurauventre\/wp-content\/uploads\/2024\/05\/Groupe-1492.png","width":690,"height":143,"caption":"Du c\u0153ur au ventre"},"image":{"@id":"https:\/\/enfantement.org\/ducoeurauventre\/#\/schema\/logo\/image\/"}},{"@type":"Person","@id":"https:\/\/enfantement.org\/ducoeurauventre\/#\/schema\/person\/c2ac070e1d9d0e5b6098cb09fc1c2c80","name":"Concepteur","image":{"@type":"ImageObject","inLanguage":"fr-CA","@id":"https:\/\/secure.gravatar.com\/avatar\/40a73b18ccce9ed0a5d3a7f5c55a1c18a73d5d79af2b580fd94bd617d45635fb?s=96&d=mm&r=g","url":"https:\/\/secure.gravatar.com\/avatar\/40a73b18ccce9ed0a5d3a7f5c55a1c18a73d5d79af2b580fd94bd617d45635fb?s=96&d=mm&r=g","contentUrl":"https:\/\/secure.gravatar.com\/avatar\/40a73b18ccce9ed0a5d3a7f5c55a1c18a73d5d79af2b580fd94bd617d45635fb?s=96&d=mm&r=g","caption":"Concepteur"},"sameAs":["https:\/\/enfantement.org\/ducoeurauventre"]}]}},"_links":{"self":[{"href":"https:\/\/enfantement.org\/ducoeurauventre\/wp-json\/wp\/v2\/posts\/2833","targetHints":{"allow":["GET"]}}],"collection":[{"href":"https:\/\/enfantement.org\/ducoeurauventre\/wp-json\/wp\/v2\/posts"}],"about":[{"href":"https:\/\/enfantement.org\/ducoeurauventre\/wp-json\/wp\/v2\/types\/post"}],"author":[{"embeddable":true,"href":"https:\/\/enfantement.org\/ducoeurauventre\/wp-json\/wp\/v2\/users\/1"}],"replies":[{"embeddable":true,"href":"https:\/\/enfantement.org\/ducoeurauventre\/wp-json\/wp\/v2\/comments?post=2833"}],"version-history":[{"count":1,"href":"https:\/\/enfantement.org\/ducoeurauventre\/wp-json\/wp\/v2\/posts\/2833\/revisions"}],"predecessor-version":[{"id":2834,"href":"https:\/\/enfantement.org\/ducoeurauventre\/wp-json\/wp\/v2\/posts\/2833\/revisions\/2834"}],"wp:featuredmedia":[{"embeddable":true,"href":"https:\/\/enfantement.org\/ducoeurauventre\/wp-json\/wp\/v2\/media\/2066"}],"wp:attachment":[{"href":"https:\/\/enfantement.org\/ducoeurauventre\/wp-json\/wp\/v2\/media?parent=2833"}],"wp:term":[{"taxonomy":"category","embeddable":true,"href":"https:\/\/enfantement.org\/ducoeurauventre\/wp-json\/wp\/v2\/categories?post=2833"},{"taxonomy":"post_tag","embeddable":true,"href":"https:\/\/enfantement.org\/ducoeurauventre\/wp-json\/wp\/v2\/tags?post=2833"},{"taxonomy":"langue","embeddable":true,"href":"https:\/\/enfantement.org\/ducoeurauventre\/wp-json\/wp\/v2\/langue?post=2833"}],"curies":[{"name":"wp","href":"https:\/\/api.w.org\/{rel}","templated":true}]}}