{"id":2829,"date":"2024-08-29T17:37:42","date_gmt":"2024-08-29T21:37:42","guid":{"rendered":"https:\/\/enfantement.org\/ducoeurauventre\/?p=2829"},"modified":"2024-08-30T09:55:53","modified_gmt":"2024-08-30T13:55:53","slug":"le-grand-saut-vers-linconnu-2","status":"publish","type":"post","link":"https:\/\/enfantement.org\/ducoeurauventre\/en\/stories\/hospital\/le-grand-saut-vers-linconnu-2\/","title":{"rendered":"Le grand saut vers l\u2019inconnu"},"content":{"rendered":"\n<p>Audrey Bassis est une femme courageuse et d\u00e9termin\u00e9e qui partage son exp\u00e9rience intense et transformative de l&rsquo;accouchement dans son t\u00e9moignage \u00ab\u00a0Le grand saut vers l\u2019inconnu\u00a0\u00bb. Accouchant dans une salle nature avec le soutien de son copain et d&rsquo;une sage-femme attentive, elle raconte les diff\u00e9rentes phases, de la perte des eaux aux contractions de plus en plus intenses, g\u00e9r\u00e9es avec des m\u00e9thodes de m\u00e9decine alternative. Malgr\u00e9 des moments de doute et de peur, elle trouve la force de continuer gr\u00e2ce \u00e0 l&rsquo;encouragement de son entourage. L&rsquo;arriv\u00e9e de son fils Ethan, suivie de complications respiratoires, la pousse \u00e0 puiser dans ses ressources profondes. Sa v\u00e9ritable rencontre avec son fils, le lendemain de l&rsquo;accouchement, est un moment rempli d&rsquo;amour et d&rsquo;\u00e9motion. Audrey se rappelle de cette exp\u00e9rience pour se rappeler qu&rsquo;elle est capable de surmonter les d\u00e9fis avec un peu d&rsquo;aide et de soutien.<\/p>\n","protected":false},"excerpt":{"rendered":"<p>Audrey Bassis est une femme courageuse et d\u00e9termin\u00e9e qui partage son exp\u00e9rience intense et transformative de l&rsquo;accouchement dans son t\u00e9moignage \u00ab\u00a0Le grand saut vers l\u2019inconnu\u00a0\u00bb. Accouchant dans une salle nature avec le soutien de son copain et d&rsquo;une sage-femme attentive, elle raconte les diff\u00e9rentes phases, de la perte des eaux aux contractions de plus en [&hellip;]<\/p>\n","protected":false},"author":1,"featured_media":2062,"comment_status":"open","ping_status":"open","sticky":true,"template":"","format":"standard","meta":{"_acf_changed":false,"footnotes":""},"categories":[120],"tags":[],"langue":[217],"class_list":["post-2829","post","type-post","status-publish","format-standard","has-post-thumbnail","hentry","category-hospital","langue-french"],"acf":[],"yoast_head":"<!-- This site is optimized with the Yoast SEO plugin v27.3 - https:\/\/yoast.com\/product\/yoast-seo-wordpress\/ -->\n<title>Le grand saut vers l\u2019inconnu - Hospital - Du c\u0153ur au ventre<\/title>\n<meta name=\"robots\" content=\"index, follow, max-snippet:-1, max-image-preview:large, max-video-preview:-1\" \/>\n<link rel=\"canonical\" href=\"https:\/\/enfantement.org\/ducoeurauventre\/en\/stories\/hospital\/le-grand-saut-vers-linconnu-2\/\" \/>\n<meta property=\"og:locale\" content=\"fr_CA\" \/>\n<meta property=\"og:type\" content=\"article\" \/>\n<meta property=\"og:title\" content=\"Le grand saut vers l\u2019inconnu - Hospital - Du c\u0153ur au ventre\" \/>\n<meta property=\"og:description\" content=\"Audrey Bassis est une femme courageuse et d\u00e9termin\u00e9e qui partage son exp\u00e9rience intense et transformative de l&rsquo;accouchement dans son t\u00e9moignage \u00ab\u00a0Le grand saut vers l\u2019inconnu\u00a0\u00bb. Accouchant dans une salle nature avec le soutien de son copain et d&rsquo;une sage-femme attentive, elle raconte les diff\u00e9rentes phases, de la perte des eaux aux contractions de plus en [&hellip;]\" \/>\n<meta property=\"og:url\" content=\"https:\/\/enfantement.org\/ducoeurauventre\/en\/stories\/hospital\/le-grand-saut-vers-linconnu-2\/\" \/>\n<meta property=\"og:site_name\" content=\"Du c\u0153ur au ventre\" \/>\n<meta property=\"article:published_time\" content=\"2024-08-29T21:37:42+00:00\" \/>\n<meta property=\"article:modified_time\" content=\"2024-08-30T13:55:53+00:00\" \/>\n<meta property=\"og:image\" content=\"https:\/\/enfantement.org\/ducoeurauventre\/wp-content\/uploads\/2024\/07\/recit02.jpg\" \/>\n\t<meta property=\"og:image:width\" content=\"602\" \/>\n\t<meta property=\"og:image:height\" content=\"451\" \/>\n\t<meta property=\"og:image:type\" content=\"image\/jpeg\" \/>\n<meta name=\"author\" content=\"Concepteur\" \/>\n<meta name=\"twitter:card\" content=\"summary_large_image\" \/>\n<meta name=\"twitter:label1\" content=\"\u00c9crit par\" \/>\n\t<meta name=\"twitter:data1\" content=\"Concepteur\" \/>\n\t<meta name=\"twitter:label2\" content=\"Estimation du temps de lecture\" \/>\n\t<meta name=\"twitter:data2\" content=\"1 minute\" \/>\n<script type=\"application\/ld+json\" class=\"yoast-schema-graph\">{\"@context\":\"https:\\\/\\\/schema.org\",\"@graph\":[{\"@type\":\"Article\",\"@id\":\"https:\\\/\\\/enfantement.org\\\/ducoeurauventre\\\/en\\\/stories\\\/hospital\\\/le-grand-saut-vers-linconnu-2\\\/#article\",\"isPartOf\":{\"@id\":\"https:\\\/\\\/enfantement.org\\\/ducoeurauventre\\\/en\\\/stories\\\/hospital\\\/le-grand-saut-vers-linconnu-2\\\/\"},\"author\":{\"name\":\"Concepteur\",\"@id\":\"https:\\\/\\\/enfantement.org\\\/ducoeurauventre\\\/#\\\/schema\\\/person\\\/c2ac070e1d9d0e5b6098cb09fc1c2c80\"},\"headline\":\"Le grand saut vers l\u2019inconnu\",\"datePublished\":\"2024-08-29T21:37:42+00:00\",\"dateModified\":\"2024-08-30T13:55:53+00:00\",\"mainEntityOfPage\":{\"@id\":\"https:\\\/\\\/enfantement.org\\\/ducoeurauventre\\\/en\\\/stories\\\/hospital\\\/le-grand-saut-vers-linconnu-2\\\/\"},\"wordCount\":169,\"commentCount\":0,\"publisher\":{\"@id\":\"https:\\\/\\\/enfantement.org\\\/ducoeurauventre\\\/#organization\"},\"image\":{\"@id\":\"https:\\\/\\\/enfantement.org\\\/ducoeurauventre\\\/en\\\/stories\\\/hospital\\\/le-grand-saut-vers-linconnu-2\\\/#primaryimage\"},\"thumbnailUrl\":\"https:\\\/\\\/enfantement.org\\\/ducoeurauventre\\\/wp-content\\\/uploads\\\/2024\\\/07\\\/recit02.jpg\",\"articleSection\":[\"Hospital\"],\"inLanguage\":\"fr-CA\",\"potentialAction\":[{\"@type\":\"CommentAction\",\"name\":\"Comment\",\"target\":[\"https:\\\/\\\/enfantement.org\\\/ducoeurauventre\\\/en\\\/stories\\\/hospital\\\/le-grand-saut-vers-linconnu-2\\\/#respond\"]}]},{\"@type\":\"WebPage\",\"@id\":\"https:\\\/\\\/enfantement.org\\\/ducoeurauventre\\\/en\\\/stories\\\/hospital\\\/le-grand-saut-vers-linconnu-2\\\/\",\"url\":\"https:\\\/\\\/enfantement.org\\\/ducoeurauventre\\\/en\\\/stories\\\/hospital\\\/le-grand-saut-vers-linconnu-2\\\/\",\"name\":\"Le grand saut vers l\u2019inconnu - Hospital - Du c\u0153ur au ventre\",\"isPartOf\":{\"@id\":\"https:\\\/\\\/enfantement.org\\\/ducoeurauventre\\\/#website\"},\"primaryImageOfPage\":{\"@id\":\"https:\\\/\\\/enfantement.org\\\/ducoeurauventre\\\/en\\\/stories\\\/hospital\\\/le-grand-saut-vers-linconnu-2\\\/#primaryimage\"},\"image\":{\"@id\":\"https:\\\/\\\/enfantement.org\\\/ducoeurauventre\\\/en\\\/stories\\\/hospital\\\/le-grand-saut-vers-linconnu-2\\\/#primaryimage\"},\"thumbnailUrl\":\"https:\\\/\\\/enfantement.org\\\/ducoeurauventre\\\/wp-content\\\/uploads\\\/2024\\\/07\\\/recit02.jpg\",\"datePublished\":\"2024-08-29T21:37:42+00:00\",\"dateModified\":\"2024-08-30T13:55:53+00:00\",\"breadcrumb\":{\"@id\":\"https:\\\/\\\/enfantement.org\\\/ducoeurauventre\\\/en\\\/stories\\\/hospital\\\/le-grand-saut-vers-linconnu-2\\\/#breadcrumb\"},\"inLanguage\":\"fr-CA\",\"potentialAction\":[{\"@type\":\"ReadAction\",\"target\":[\"https:\\\/\\\/enfantement.org\\\/ducoeurauventre\\\/en\\\/stories\\\/hospital\\\/le-grand-saut-vers-linconnu-2\\\/\"]}]},{\"@type\":\"ImageObject\",\"inLanguage\":\"fr-CA\",\"@id\":\"https:\\\/\\\/enfantement.org\\\/ducoeurauventre\\\/en\\\/stories\\\/hospital\\\/le-grand-saut-vers-linconnu-2\\\/#primaryimage\",\"url\":\"https:\\\/\\\/enfantement.org\\\/ducoeurauventre\\\/wp-content\\\/uploads\\\/2024\\\/07\\\/recit02.jpg\",\"contentUrl\":\"https:\\\/\\\/enfantement.org\\\/ducoeurauventre\\\/wp-content\\\/uploads\\\/2024\\\/07\\\/recit02.jpg\",\"width\":602,\"height\":451},{\"@type\":\"BreadcrumbList\",\"@id\":\"https:\\\/\\\/enfantement.org\\\/ducoeurauventre\\\/en\\\/stories\\\/hospital\\\/le-grand-saut-vers-linconnu-2\\\/#breadcrumb\",\"itemListElement\":[{\"@type\":\"ListItem\",\"position\":1,\"name\":\"Accueil\",\"item\":\"https:\\\/\\\/enfantement.org\\\/ducoeurauventre\\\/\"},{\"@type\":\"ListItem\",\"position\":2,\"name\":\"Le grand saut vers l\u2019inconnu\"}]},{\"@type\":\"WebSite\",\"@id\":\"https:\\\/\\\/enfantement.org\\\/ducoeurauventre\\\/#website\",\"url\":\"https:\\\/\\\/enfantement.org\\\/ducoeurauventre\\\/\",\"name\":\"Du c\u0153ur au ventre\",\"description\":\"\",\"publisher\":{\"@id\":\"https:\\\/\\\/enfantement.org\\\/ducoeurauventre\\\/#organization\"},\"potentialAction\":[{\"@type\":\"SearchAction\",\"target\":{\"@type\":\"EntryPoint\",\"urlTemplate\":\"https:\\\/\\\/enfantement.org\\\/ducoeurauventre\\\/?s={search_term_string}\"},\"query-input\":{\"@type\":\"PropertyValueSpecification\",\"valueRequired\":true,\"valueName\":\"search_term_string\"}}],\"inLanguage\":\"fr-CA\"},{\"@type\":\"Organization\",\"@id\":\"https:\\\/\\\/enfantement.org\\\/ducoeurauventre\\\/#organization\",\"name\":\"Du c\u0153ur au ventre\",\"url\":\"https:\\\/\\\/enfantement.org\\\/ducoeurauventre\\\/\",\"logo\":{\"@type\":\"ImageObject\",\"inLanguage\":\"fr-CA\",\"@id\":\"https:\\\/\\\/enfantement.org\\\/ducoeurauventre\\\/#\\\/schema\\\/logo\\\/image\\\/\",\"url\":\"https:\\\/\\\/enfantement.org\\\/ducoeurauventre\\\/wp-content\\\/uploads\\\/2024\\\/05\\\/Groupe-1492.png\",\"contentUrl\":\"https:\\\/\\\/enfantement.org\\\/ducoeurauventre\\\/wp-content\\\/uploads\\\/2024\\\/05\\\/Groupe-1492.png\",\"width\":690,\"height\":143,\"caption\":\"Du c\u0153ur au ventre\"},\"image\":{\"@id\":\"https:\\\/\\\/enfantement.org\\\/ducoeurauventre\\\/#\\\/schema\\\/logo\\\/image\\\/\"}},{\"@type\":\"Person\",\"@id\":\"https:\\\/\\\/enfantement.org\\\/ducoeurauventre\\\/#\\\/schema\\\/person\\\/c2ac070e1d9d0e5b6098cb09fc1c2c80\",\"name\":\"Concepteur\",\"image\":{\"@type\":\"ImageObject\",\"inLanguage\":\"fr-CA\",\"@id\":\"https:\\\/\\\/secure.gravatar.com\\\/avatar\\\/40a73b18ccce9ed0a5d3a7f5c55a1c18a73d5d79af2b580fd94bd617d45635fb?s=96&d=mm&r=g\",\"url\":\"https:\\\/\\\/secure.gravatar.com\\\/avatar\\\/40a73b18ccce9ed0a5d3a7f5c55a1c18a73d5d79af2b580fd94bd617d45635fb?s=96&d=mm&r=g\",\"contentUrl\":\"https:\\\/\\\/secure.gravatar.com\\\/avatar\\\/40a73b18ccce9ed0a5d3a7f5c55a1c18a73d5d79af2b580fd94bd617d45635fb?s=96&d=mm&r=g\",\"caption\":\"Concepteur\"},\"sameAs\":[\"https:\\\/\\\/enfantement.org\\\/ducoeurauventre\"]}]}<\/script>\n<!-- \/ Yoast SEO plugin. -->","yoast_head_json":{"title":"Le grand saut vers l\u2019inconnu - Hospital - Du c\u0153ur au ventre","robots":{"index":"index","follow":"follow","max-snippet":"max-snippet:-1","max-image-preview":"max-image-preview:large","max-video-preview":"max-video-preview:-1"},"canonical":"https:\/\/enfantement.org\/ducoeurauventre\/en\/stories\/hospital\/le-grand-saut-vers-linconnu-2\/","og_locale":"fr_CA","og_type":"article","og_title":"Le grand saut vers l\u2019inconnu - Hospital - Du c\u0153ur au ventre","og_description":"Audrey Bassis est une femme courageuse et d\u00e9termin\u00e9e qui partage son exp\u00e9rience intense et transformative de l&rsquo;accouchement dans son t\u00e9moignage \u00ab\u00a0Le grand saut vers l\u2019inconnu\u00a0\u00bb. Accouchant dans une salle nature avec le soutien de son copain et d&rsquo;une sage-femme attentive, elle raconte les diff\u00e9rentes phases, de la perte des eaux aux contractions de plus en [&hellip;]","og_url":"https:\/\/enfantement.org\/ducoeurauventre\/en\/stories\/hospital\/le-grand-saut-vers-linconnu-2\/","og_site_name":"Du c\u0153ur au ventre","article_published_time":"2024-08-29T21:37:42+00:00","article_modified_time":"2024-08-30T13:55:53+00:00","og_image":[{"width":602,"height":451,"url":"https:\/\/enfantement.org\/ducoeurauventre\/wp-content\/uploads\/2024\/07\/recit02.jpg","type":"image\/jpeg"}],"author":"Concepteur","twitter_card":"summary_large_image","twitter_misc":{"\u00c9crit par":"Concepteur","Estimation du temps de lecture":"1 minute"},"schema":{"@context":"https:\/\/schema.org","@graph":[{"@type":"Article","@id":"https:\/\/enfantement.org\/ducoeurauventre\/en\/stories\/hospital\/le-grand-saut-vers-linconnu-2\/#article","isPartOf":{"@id":"https:\/\/enfantement.org\/ducoeurauventre\/en\/stories\/hospital\/le-grand-saut-vers-linconnu-2\/"},"author":{"name":"Concepteur","@id":"https:\/\/enfantement.org\/ducoeurauventre\/#\/schema\/person\/c2ac070e1d9d0e5b6098cb09fc1c2c80"},"headline":"Le grand saut vers l\u2019inconnu","datePublished":"2024-08-29T21:37:42+00:00","dateModified":"2024-08-30T13:55:53+00:00","mainEntityOfPage":{"@id":"https:\/\/enfantement.org\/ducoeurauventre\/en\/stories\/hospital\/le-grand-saut-vers-linconnu-2\/"},"wordCount":169,"commentCount":0,"publisher":{"@id":"https:\/\/enfantement.org\/ducoeurauventre\/#organization"},"image":{"@id":"https:\/\/enfantement.org\/ducoeurauventre\/en\/stories\/hospital\/le-grand-saut-vers-linconnu-2\/#primaryimage"},"thumbnailUrl":"https:\/\/enfantement.org\/ducoeurauventre\/wp-content\/uploads\/2024\/07\/recit02.jpg","articleSection":["Hospital"],"inLanguage":"fr-CA","potentialAction":[{"@type":"CommentAction","name":"Comment","target":["https:\/\/enfantement.org\/ducoeurauventre\/en\/stories\/hospital\/le-grand-saut-vers-linconnu-2\/#respond"]}]},{"@type":"WebPage","@id":"https:\/\/enfantement.org\/ducoeurauventre\/en\/stories\/hospital\/le-grand-saut-vers-linconnu-2\/","url":"https:\/\/enfantement.org\/ducoeurauventre\/en\/stories\/hospital\/le-grand-saut-vers-linconnu-2\/","name":"Le grand saut vers l\u2019inconnu - Hospital - Du c\u0153ur au ventre","isPartOf":{"@id":"https:\/\/enfantement.org\/ducoeurauventre\/#website"},"primaryImageOfPage":{"@id":"https:\/\/enfantement.org\/ducoeurauventre\/en\/stories\/hospital\/le-grand-saut-vers-linconnu-2\/#primaryimage"},"image":{"@id":"https:\/\/enfantement.org\/ducoeurauventre\/en\/stories\/hospital\/le-grand-saut-vers-linconnu-2\/#primaryimage"},"thumbnailUrl":"https:\/\/enfantement.org\/ducoeurauventre\/wp-content\/uploads\/2024\/07\/recit02.jpg","datePublished":"2024-08-29T21:37:42+00:00","dateModified":"2024-08-30T13:55:53+00:00","breadcrumb":{"@id":"https:\/\/enfantement.org\/ducoeurauventre\/en\/stories\/hospital\/le-grand-saut-vers-linconnu-2\/#breadcrumb"},"inLanguage":"fr-CA","potentialAction":[{"@type":"ReadAction","target":["https:\/\/enfantement.org\/ducoeurauventre\/en\/stories\/hospital\/le-grand-saut-vers-linconnu-2\/"]}]},{"@type":"ImageObject","inLanguage":"fr-CA","@id":"https:\/\/enfantement.org\/ducoeurauventre\/en\/stories\/hospital\/le-grand-saut-vers-linconnu-2\/#primaryimage","url":"https:\/\/enfantement.org\/ducoeurauventre\/wp-content\/uploads\/2024\/07\/recit02.jpg","contentUrl":"https:\/\/enfantement.org\/ducoeurauventre\/wp-content\/uploads\/2024\/07\/recit02.jpg","width":602,"height":451},{"@type":"BreadcrumbList","@id":"https:\/\/enfantement.org\/ducoeurauventre\/en\/stories\/hospital\/le-grand-saut-vers-linconnu-2\/#breadcrumb","itemListElement":[{"@type":"ListItem","position":1,"name":"Accueil","item":"https:\/\/enfantement.org\/ducoeurauventre\/"},{"@type":"ListItem","position":2,"name":"Le grand saut vers l\u2019inconnu"}]},{"@type":"WebSite","@id":"https:\/\/enfantement.org\/ducoeurauventre\/#website","url":"https:\/\/enfantement.org\/ducoeurauventre\/","name":"Du c\u0153ur au ventre","description":"","publisher":{"@id":"https:\/\/enfantement.org\/ducoeurauventre\/#organization"},"potentialAction":[{"@type":"SearchAction","target":{"@type":"EntryPoint","urlTemplate":"https:\/\/enfantement.org\/ducoeurauventre\/?s={search_term_string}"},"query-input":{"@type":"PropertyValueSpecification","valueRequired":true,"valueName":"search_term_string"}}],"inLanguage":"fr-CA"},{"@type":"Organization","@id":"https:\/\/enfantement.org\/ducoeurauventre\/#organization","name":"Du c\u0153ur au ventre","url":"https:\/\/enfantement.org\/ducoeurauventre\/","logo":{"@type":"ImageObject","inLanguage":"fr-CA","@id":"https:\/\/enfantement.org\/ducoeurauventre\/#\/schema\/logo\/image\/","url":"https:\/\/enfantement.org\/ducoeurauventre\/wp-content\/uploads\/2024\/05\/Groupe-1492.png","contentUrl":"https:\/\/enfantement.org\/ducoeurauventre\/wp-content\/uploads\/2024\/05\/Groupe-1492.png","width":690,"height":143,"caption":"Du c\u0153ur au ventre"},"image":{"@id":"https:\/\/enfantement.org\/ducoeurauventre\/#\/schema\/logo\/image\/"}},{"@type":"Person","@id":"https:\/\/enfantement.org\/ducoeurauventre\/#\/schema\/person\/c2ac070e1d9d0e5b6098cb09fc1c2c80","name":"Concepteur","image":{"@type":"ImageObject","inLanguage":"fr-CA","@id":"https:\/\/secure.gravatar.com\/avatar\/40a73b18ccce9ed0a5d3a7f5c55a1c18a73d5d79af2b580fd94bd617d45635fb?s=96&d=mm&r=g","url":"https:\/\/secure.gravatar.com\/avatar\/40a73b18ccce9ed0a5d3a7f5c55a1c18a73d5d79af2b580fd94bd617d45635fb?s=96&d=mm&r=g","contentUrl":"https:\/\/secure.gravatar.com\/avatar\/40a73b18ccce9ed0a5d3a7f5c55a1c18a73d5d79af2b580fd94bd617d45635fb?s=96&d=mm&r=g","caption":"Concepteur"},"sameAs":["https:\/\/enfantement.org\/ducoeurauventre"]}]}},"_links":{"self":[{"href":"https:\/\/enfantement.org\/ducoeurauventre\/wp-json\/wp\/v2\/posts\/2829","targetHints":{"allow":["GET"]}}],"collection":[{"href":"https:\/\/enfantement.org\/ducoeurauventre\/wp-json\/wp\/v2\/posts"}],"about":[{"href":"https:\/\/enfantement.org\/ducoeurauventre\/wp-json\/wp\/v2\/types\/post"}],"author":[{"embeddable":true,"href":"https:\/\/enfantement.org\/ducoeurauventre\/wp-json\/wp\/v2\/users\/1"}],"replies":[{"embeddable":true,"href":"https:\/\/enfantement.org\/ducoeurauventre\/wp-json\/wp\/v2\/comments?post=2829"}],"version-history":[{"count":1,"href":"https:\/\/enfantement.org\/ducoeurauventre\/wp-json\/wp\/v2\/posts\/2829\/revisions"}],"predecessor-version":[{"id":2830,"href":"https:\/\/enfantement.org\/ducoeurauventre\/wp-json\/wp\/v2\/posts\/2829\/revisions\/2830"}],"wp:featuredmedia":[{"embeddable":true,"href":"https:\/\/enfantement.org\/ducoeurauventre\/wp-json\/wp\/v2\/media\/2062"}],"wp:attachment":[{"href":"https:\/\/enfantement.org\/ducoeurauventre\/wp-json\/wp\/v2\/media?parent=2829"}],"wp:term":[{"taxonomy":"category","embeddable":true,"href":"https:\/\/enfantement.org\/ducoeurauventre\/wp-json\/wp\/v2\/categories?post=2829"},{"taxonomy":"post_tag","embeddable":true,"href":"https:\/\/enfantement.org\/ducoeurauventre\/wp-json\/wp\/v2\/tags?post=2829"},{"taxonomy":"langue","embeddable":true,"href":"https:\/\/enfantement.org\/ducoeurauventre\/wp-json\/wp\/v2\/langue?post=2829"}],"curies":[{"name":"wp","href":"https:\/\/api.w.org\/{rel}","templated":true}]}}