{"id":2823,"date":"2024-08-29T17:36:41","date_gmt":"2024-08-29T21:36:41","guid":{"rendered":"https:\/\/enfantement.org\/ducoeurauventre\/?p=2823"},"modified":"2024-08-30T09:54:57","modified_gmt":"2024-08-30T13:54:57","slug":"mon-enfantement-a-credit-temoignage-dun-accouchement-sans-la-ramq-2","status":"publish","type":"post","link":"https:\/\/enfantement.org\/ducoeurauventre\/en\/stories\/birth-center\/mon-enfantement-a-credit-temoignage-dun-accouchement-sans-la-ramq-2\/","title":{"rendered":"Mon enfantement \u00e0 cr\u00e9dit &#8211; T\u00e9moignage d\u2019un accouchement sans la RAMQ"},"content":{"rendered":"\n<p>Cindy relate son parcours de grossesse et la naissance de son enfant alors qu\u2019elle n\u2019a pas acc\u00e8s au r\u00e9gime d\u2019assurance maladie du Qu\u00e9bec (RAMQ). Les d\u00e9marches administratives, les co\u00fbts d\u2019un suivi et d\u2019un accouchement sans RAMQ, la recherche d&rsquo;une doula et d\u2019une maison de naissance, elle partage toutes les \u00e9tapes et ses r\u00e9flexions entourant ce parcours difficile et complexe.<\/p>\n","protected":false},"excerpt":{"rendered":"<p>Cindy relate son parcours de grossesse et la naissance de son enfant alors qu\u2019elle n\u2019a pas acc\u00e8s au r\u00e9gime d\u2019assurance maladie du Qu\u00e9bec (RAMQ). Les d\u00e9marches administratives, les co\u00fbts d\u2019un suivi et d\u2019un accouchement sans RAMQ, la recherche d&rsquo;une doula et d\u2019une maison de naissance, elle partage toutes les \u00e9tapes et ses r\u00e9flexions entourant ce [&hellip;]<\/p>\n","protected":false},"author":1,"featured_media":2539,"comment_status":"open","ping_status":"open","sticky":false,"template":"","format":"standard","meta":{"_acf_changed":false,"footnotes":""},"categories":[122],"tags":[150,128,166,138,168],"langue":[217],"class_list":["post-2823","post","type-post","status-publish","format-standard","has-post-thumbnail","hentry","category-birth-center","tag-birth-at-birth-center","tag-childbirth-without-ramq","tag-coping-strategy","tag-doula-en","tag-midwife-follow-up","langue-french"],"acf":[],"yoast_head":"<!-- This site is optimized with the Yoast SEO plugin v27.3 - https:\/\/yoast.com\/product\/yoast-seo-wordpress\/ -->\n<title>Mon enfantement \u00e0 cr\u00e9dit - T\u00e9moignage d\u2019un accouchement sans la RAMQ - Birth center - Du c\u0153ur au ventre<\/title>\n<meta name=\"robots\" content=\"index, follow, max-snippet:-1, max-image-preview:large, max-video-preview:-1\" \/>\n<link rel=\"canonical\" href=\"https:\/\/enfantement.org\/ducoeurauventre\/en\/stories\/birth-center\/mon-enfantement-a-credit-temoignage-dun-accouchement-sans-la-ramq-2\/\" \/>\n<meta property=\"og:locale\" content=\"fr_CA\" \/>\n<meta property=\"og:type\" content=\"article\" \/>\n<meta property=\"og:title\" content=\"Mon enfantement \u00e0 cr\u00e9dit - T\u00e9moignage d\u2019un accouchement sans la RAMQ - Birth center - Du c\u0153ur au ventre\" \/>\n<meta property=\"og:description\" content=\"Cindy relate son parcours de grossesse et la naissance de son enfant alors qu\u2019elle n\u2019a pas acc\u00e8s au r\u00e9gime d\u2019assurance maladie du Qu\u00e9bec (RAMQ). Les d\u00e9marches administratives, les co\u00fbts d\u2019un suivi et d\u2019un accouchement sans RAMQ, la recherche d&rsquo;une doula et d\u2019une maison de naissance, elle partage toutes les \u00e9tapes et ses r\u00e9flexions entourant ce [&hellip;]\" \/>\n<meta property=\"og:url\" content=\"https:\/\/enfantement.org\/ducoeurauventre\/en\/stories\/birth-center\/mon-enfantement-a-credit-temoignage-dun-accouchement-sans-la-ramq-2\/\" \/>\n<meta property=\"og:site_name\" content=\"Du c\u0153ur au ventre\" \/>\n<meta property=\"article:published_time\" content=\"2024-08-29T21:36:41+00:00\" \/>\n<meta property=\"article:modified_time\" content=\"2024-08-30T13:54:57+00:00\" \/>\n<meta property=\"og:image\" content=\"https:\/\/enfantement.org\/ducoeurauventre\/wp-content\/uploads\/2024\/07\/recit_cindy_01.jpg\" \/>\n\t<meta property=\"og:image:width\" content=\"360\" \/>\n\t<meta property=\"og:image:height\" content=\"480\" \/>\n\t<meta property=\"og:image:type\" content=\"image\/jpeg\" \/>\n<meta name=\"author\" content=\"Concepteur\" \/>\n<meta name=\"twitter:card\" content=\"summary_large_image\" \/>\n<meta name=\"twitter:label1\" content=\"\u00c9crit par\" \/>\n\t<meta name=\"twitter:data1\" content=\"Concepteur\" \/>\n\t<meta name=\"twitter:label2\" content=\"Estimation du temps de lecture\" \/>\n\t<meta name=\"twitter:data2\" content=\"1 minute\" \/>\n<script type=\"application\/ld+json\" class=\"yoast-schema-graph\">{\"@context\":\"https:\\\/\\\/schema.org\",\"@graph\":[{\"@type\":\"Article\",\"@id\":\"https:\\\/\\\/enfantement.org\\\/ducoeurauventre\\\/en\\\/stories\\\/birth-center\\\/mon-enfantement-a-credit-temoignage-dun-accouchement-sans-la-ramq-2\\\/#article\",\"isPartOf\":{\"@id\":\"https:\\\/\\\/enfantement.org\\\/ducoeurauventre\\\/en\\\/stories\\\/birth-center\\\/mon-enfantement-a-credit-temoignage-dun-accouchement-sans-la-ramq-2\\\/\"},\"author\":{\"name\":\"Concepteur\",\"@id\":\"https:\\\/\\\/enfantement.org\\\/ducoeurauventre\\\/#\\\/schema\\\/person\\\/c2ac070e1d9d0e5b6098cb09fc1c2c80\"},\"headline\":\"Mon enfantement \u00e0 cr\u00e9dit &#8211; T\u00e9moignage d\u2019un accouchement sans la RAMQ\",\"datePublished\":\"2024-08-29T21:36:41+00:00\",\"dateModified\":\"2024-08-30T13:54:57+00:00\",\"mainEntityOfPage\":{\"@id\":\"https:\\\/\\\/enfantement.org\\\/ducoeurauventre\\\/en\\\/stories\\\/birth-center\\\/mon-enfantement-a-credit-temoignage-dun-accouchement-sans-la-ramq-2\\\/\"},\"wordCount\":85,\"commentCount\":0,\"publisher\":{\"@id\":\"https:\\\/\\\/enfantement.org\\\/ducoeurauventre\\\/#organization\"},\"image\":{\"@id\":\"https:\\\/\\\/enfantement.org\\\/ducoeurauventre\\\/en\\\/stories\\\/birth-center\\\/mon-enfantement-a-credit-temoignage-dun-accouchement-sans-la-ramq-2\\\/#primaryimage\"},\"thumbnailUrl\":\"https:\\\/\\\/enfantement.org\\\/ducoeurauventre\\\/wp-content\\\/uploads\\\/2024\\\/07\\\/recit_cindy_01.jpg\",\"keywords\":[\"Birth at birth center\",\"Childbirth without RAMQ\",\"Coping strategy\",\"Doula\",\"Midwife follow-up\"],\"articleSection\":[\"Birth center\"],\"inLanguage\":\"fr-CA\",\"potentialAction\":[{\"@type\":\"CommentAction\",\"name\":\"Comment\",\"target\":[\"https:\\\/\\\/enfantement.org\\\/ducoeurauventre\\\/en\\\/stories\\\/birth-center\\\/mon-enfantement-a-credit-temoignage-dun-accouchement-sans-la-ramq-2\\\/#respond\"]}]},{\"@type\":\"WebPage\",\"@id\":\"https:\\\/\\\/enfantement.org\\\/ducoeurauventre\\\/en\\\/stories\\\/birth-center\\\/mon-enfantement-a-credit-temoignage-dun-accouchement-sans-la-ramq-2\\\/\",\"url\":\"https:\\\/\\\/enfantement.org\\\/ducoeurauventre\\\/en\\\/stories\\\/birth-center\\\/mon-enfantement-a-credit-temoignage-dun-accouchement-sans-la-ramq-2\\\/\",\"name\":\"Mon enfantement \u00e0 cr\u00e9dit - T\u00e9moignage d\u2019un accouchement sans la RAMQ - Birth center - Du c\u0153ur au ventre\",\"isPartOf\":{\"@id\":\"https:\\\/\\\/enfantement.org\\\/ducoeurauventre\\\/#website\"},\"primaryImageOfPage\":{\"@id\":\"https:\\\/\\\/enfantement.org\\\/ducoeurauventre\\\/en\\\/stories\\\/birth-center\\\/mon-enfantement-a-credit-temoignage-dun-accouchement-sans-la-ramq-2\\\/#primaryimage\"},\"image\":{\"@id\":\"https:\\\/\\\/enfantement.org\\\/ducoeurauventre\\\/en\\\/stories\\\/birth-center\\\/mon-enfantement-a-credit-temoignage-dun-accouchement-sans-la-ramq-2\\\/#primaryimage\"},\"thumbnailUrl\":\"https:\\\/\\\/enfantement.org\\\/ducoeurauventre\\\/wp-content\\\/uploads\\\/2024\\\/07\\\/recit_cindy_01.jpg\",\"datePublished\":\"2024-08-29T21:36:41+00:00\",\"dateModified\":\"2024-08-30T13:54:57+00:00\",\"breadcrumb\":{\"@id\":\"https:\\\/\\\/enfantement.org\\\/ducoeurauventre\\\/en\\\/stories\\\/birth-center\\\/mon-enfantement-a-credit-temoignage-dun-accouchement-sans-la-ramq-2\\\/#breadcrumb\"},\"inLanguage\":\"fr-CA\",\"potentialAction\":[{\"@type\":\"ReadAction\",\"target\":[\"https:\\\/\\\/enfantement.org\\\/ducoeurauventre\\\/en\\\/stories\\\/birth-center\\\/mon-enfantement-a-credit-temoignage-dun-accouchement-sans-la-ramq-2\\\/\"]}]},{\"@type\":\"ImageObject\",\"inLanguage\":\"fr-CA\",\"@id\":\"https:\\\/\\\/enfantement.org\\\/ducoeurauventre\\\/en\\\/stories\\\/birth-center\\\/mon-enfantement-a-credit-temoignage-dun-accouchement-sans-la-ramq-2\\\/#primaryimage\",\"url\":\"https:\\\/\\\/enfantement.org\\\/ducoeurauventre\\\/wp-content\\\/uploads\\\/2024\\\/07\\\/recit_cindy_01.jpg\",\"contentUrl\":\"https:\\\/\\\/enfantement.org\\\/ducoeurauventre\\\/wp-content\\\/uploads\\\/2024\\\/07\\\/recit_cindy_01.jpg\",\"width\":360,\"height\":480},{\"@type\":\"BreadcrumbList\",\"@id\":\"https:\\\/\\\/enfantement.org\\\/ducoeurauventre\\\/en\\\/stories\\\/birth-center\\\/mon-enfantement-a-credit-temoignage-dun-accouchement-sans-la-ramq-2\\\/#breadcrumb\",\"itemListElement\":[{\"@type\":\"ListItem\",\"position\":1,\"name\":\"Accueil\",\"item\":\"https:\\\/\\\/enfantement.org\\\/ducoeurauventre\\\/\"},{\"@type\":\"ListItem\",\"position\":2,\"name\":\"Mon enfantement \u00e0 cr\u00e9dit &#8211; T\u00e9moignage d\u2019un accouchement sans la RAMQ\"}]},{\"@type\":\"WebSite\",\"@id\":\"https:\\\/\\\/enfantement.org\\\/ducoeurauventre\\\/#website\",\"url\":\"https:\\\/\\\/enfantement.org\\\/ducoeurauventre\\\/\",\"name\":\"Du c\u0153ur au ventre\",\"description\":\"\",\"publisher\":{\"@id\":\"https:\\\/\\\/enfantement.org\\\/ducoeurauventre\\\/#organization\"},\"potentialAction\":[{\"@type\":\"SearchAction\",\"target\":{\"@type\":\"EntryPoint\",\"urlTemplate\":\"https:\\\/\\\/enfantement.org\\\/ducoeurauventre\\\/?s={search_term_string}\"},\"query-input\":{\"@type\":\"PropertyValueSpecification\",\"valueRequired\":true,\"valueName\":\"search_term_string\"}}],\"inLanguage\":\"fr-CA\"},{\"@type\":\"Organization\",\"@id\":\"https:\\\/\\\/enfantement.org\\\/ducoeurauventre\\\/#organization\",\"name\":\"Du c\u0153ur au ventre\",\"url\":\"https:\\\/\\\/enfantement.org\\\/ducoeurauventre\\\/\",\"logo\":{\"@type\":\"ImageObject\",\"inLanguage\":\"fr-CA\",\"@id\":\"https:\\\/\\\/enfantement.org\\\/ducoeurauventre\\\/#\\\/schema\\\/logo\\\/image\\\/\",\"url\":\"https:\\\/\\\/enfantement.org\\\/ducoeurauventre\\\/wp-content\\\/uploads\\\/2024\\\/05\\\/Groupe-1492.png\",\"contentUrl\":\"https:\\\/\\\/enfantement.org\\\/ducoeurauventre\\\/wp-content\\\/uploads\\\/2024\\\/05\\\/Groupe-1492.png\",\"width\":690,\"height\":143,\"caption\":\"Du c\u0153ur au ventre\"},\"image\":{\"@id\":\"https:\\\/\\\/enfantement.org\\\/ducoeurauventre\\\/#\\\/schema\\\/logo\\\/image\\\/\"}},{\"@type\":\"Person\",\"@id\":\"https:\\\/\\\/enfantement.org\\\/ducoeurauventre\\\/#\\\/schema\\\/person\\\/c2ac070e1d9d0e5b6098cb09fc1c2c80\",\"name\":\"Concepteur\",\"image\":{\"@type\":\"ImageObject\",\"inLanguage\":\"fr-CA\",\"@id\":\"https:\\\/\\\/secure.gravatar.com\\\/avatar\\\/40a73b18ccce9ed0a5d3a7f5c55a1c18a73d5d79af2b580fd94bd617d45635fb?s=96&d=mm&r=g\",\"url\":\"https:\\\/\\\/secure.gravatar.com\\\/avatar\\\/40a73b18ccce9ed0a5d3a7f5c55a1c18a73d5d79af2b580fd94bd617d45635fb?s=96&d=mm&r=g\",\"contentUrl\":\"https:\\\/\\\/secure.gravatar.com\\\/avatar\\\/40a73b18ccce9ed0a5d3a7f5c55a1c18a73d5d79af2b580fd94bd617d45635fb?s=96&d=mm&r=g\",\"caption\":\"Concepteur\"},\"sameAs\":[\"https:\\\/\\\/enfantement.org\\\/ducoeurauventre\"]}]}<\/script>\n<!-- \/ Yoast SEO plugin. -->","yoast_head_json":{"title":"Mon enfantement \u00e0 cr\u00e9dit - T\u00e9moignage d\u2019un accouchement sans la RAMQ - Birth center - Du c\u0153ur au ventre","robots":{"index":"index","follow":"follow","max-snippet":"max-snippet:-1","max-image-preview":"max-image-preview:large","max-video-preview":"max-video-preview:-1"},"canonical":"https:\/\/enfantement.org\/ducoeurauventre\/en\/stories\/birth-center\/mon-enfantement-a-credit-temoignage-dun-accouchement-sans-la-ramq-2\/","og_locale":"fr_CA","og_type":"article","og_title":"Mon enfantement \u00e0 cr\u00e9dit - T\u00e9moignage d\u2019un accouchement sans la RAMQ - Birth center - Du c\u0153ur au ventre","og_description":"Cindy relate son parcours de grossesse et la naissance de son enfant alors qu\u2019elle n\u2019a pas acc\u00e8s au r\u00e9gime d\u2019assurance maladie du Qu\u00e9bec (RAMQ). Les d\u00e9marches administratives, les co\u00fbts d\u2019un suivi et d\u2019un accouchement sans RAMQ, la recherche d&rsquo;une doula et d\u2019une maison de naissance, elle partage toutes les \u00e9tapes et ses r\u00e9flexions entourant ce [&hellip;]","og_url":"https:\/\/enfantement.org\/ducoeurauventre\/en\/stories\/birth-center\/mon-enfantement-a-credit-temoignage-dun-accouchement-sans-la-ramq-2\/","og_site_name":"Du c\u0153ur au ventre","article_published_time":"2024-08-29T21:36:41+00:00","article_modified_time":"2024-08-30T13:54:57+00:00","og_image":[{"width":360,"height":480,"url":"https:\/\/enfantement.org\/ducoeurauventre\/wp-content\/uploads\/2024\/07\/recit_cindy_01.jpg","type":"image\/jpeg"}],"author":"Concepteur","twitter_card":"summary_large_image","twitter_misc":{"\u00c9crit par":"Concepteur","Estimation du temps de lecture":"1 minute"},"schema":{"@context":"https:\/\/schema.org","@graph":[{"@type":"Article","@id":"https:\/\/enfantement.org\/ducoeurauventre\/en\/stories\/birth-center\/mon-enfantement-a-credit-temoignage-dun-accouchement-sans-la-ramq-2\/#article","isPartOf":{"@id":"https:\/\/enfantement.org\/ducoeurauventre\/en\/stories\/birth-center\/mon-enfantement-a-credit-temoignage-dun-accouchement-sans-la-ramq-2\/"},"author":{"name":"Concepteur","@id":"https:\/\/enfantement.org\/ducoeurauventre\/#\/schema\/person\/c2ac070e1d9d0e5b6098cb09fc1c2c80"},"headline":"Mon enfantement \u00e0 cr\u00e9dit &#8211; T\u00e9moignage d\u2019un accouchement sans la RAMQ","datePublished":"2024-08-29T21:36:41+00:00","dateModified":"2024-08-30T13:54:57+00:00","mainEntityOfPage":{"@id":"https:\/\/enfantement.org\/ducoeurauventre\/en\/stories\/birth-center\/mon-enfantement-a-credit-temoignage-dun-accouchement-sans-la-ramq-2\/"},"wordCount":85,"commentCount":0,"publisher":{"@id":"https:\/\/enfantement.org\/ducoeurauventre\/#organization"},"image":{"@id":"https:\/\/enfantement.org\/ducoeurauventre\/en\/stories\/birth-center\/mon-enfantement-a-credit-temoignage-dun-accouchement-sans-la-ramq-2\/#primaryimage"},"thumbnailUrl":"https:\/\/enfantement.org\/ducoeurauventre\/wp-content\/uploads\/2024\/07\/recit_cindy_01.jpg","keywords":["Birth at birth center","Childbirth without RAMQ","Coping strategy","Doula","Midwife follow-up"],"articleSection":["Birth center"],"inLanguage":"fr-CA","potentialAction":[{"@type":"CommentAction","name":"Comment","target":["https:\/\/enfantement.org\/ducoeurauventre\/en\/stories\/birth-center\/mon-enfantement-a-credit-temoignage-dun-accouchement-sans-la-ramq-2\/#respond"]}]},{"@type":"WebPage","@id":"https:\/\/enfantement.org\/ducoeurauventre\/en\/stories\/birth-center\/mon-enfantement-a-credit-temoignage-dun-accouchement-sans-la-ramq-2\/","url":"https:\/\/enfantement.org\/ducoeurauventre\/en\/stories\/birth-center\/mon-enfantement-a-credit-temoignage-dun-accouchement-sans-la-ramq-2\/","name":"Mon enfantement \u00e0 cr\u00e9dit - T\u00e9moignage d\u2019un accouchement sans la RAMQ - Birth center - Du c\u0153ur au ventre","isPartOf":{"@id":"https:\/\/enfantement.org\/ducoeurauventre\/#website"},"primaryImageOfPage":{"@id":"https:\/\/enfantement.org\/ducoeurauventre\/en\/stories\/birth-center\/mon-enfantement-a-credit-temoignage-dun-accouchement-sans-la-ramq-2\/#primaryimage"},"image":{"@id":"https:\/\/enfantement.org\/ducoeurauventre\/en\/stories\/birth-center\/mon-enfantement-a-credit-temoignage-dun-accouchement-sans-la-ramq-2\/#primaryimage"},"thumbnailUrl":"https:\/\/enfantement.org\/ducoeurauventre\/wp-content\/uploads\/2024\/07\/recit_cindy_01.jpg","datePublished":"2024-08-29T21:36:41+00:00","dateModified":"2024-08-30T13:54:57+00:00","breadcrumb":{"@id":"https:\/\/enfantement.org\/ducoeurauventre\/en\/stories\/birth-center\/mon-enfantement-a-credit-temoignage-dun-accouchement-sans-la-ramq-2\/#breadcrumb"},"inLanguage":"fr-CA","potentialAction":[{"@type":"ReadAction","target":["https:\/\/enfantement.org\/ducoeurauventre\/en\/stories\/birth-center\/mon-enfantement-a-credit-temoignage-dun-accouchement-sans-la-ramq-2\/"]}]},{"@type":"ImageObject","inLanguage":"fr-CA","@id":"https:\/\/enfantement.org\/ducoeurauventre\/en\/stories\/birth-center\/mon-enfantement-a-credit-temoignage-dun-accouchement-sans-la-ramq-2\/#primaryimage","url":"https:\/\/enfantement.org\/ducoeurauventre\/wp-content\/uploads\/2024\/07\/recit_cindy_01.jpg","contentUrl":"https:\/\/enfantement.org\/ducoeurauventre\/wp-content\/uploads\/2024\/07\/recit_cindy_01.jpg","width":360,"height":480},{"@type":"BreadcrumbList","@id":"https:\/\/enfantement.org\/ducoeurauventre\/en\/stories\/birth-center\/mon-enfantement-a-credit-temoignage-dun-accouchement-sans-la-ramq-2\/#breadcrumb","itemListElement":[{"@type":"ListItem","position":1,"name":"Accueil","item":"https:\/\/enfantement.org\/ducoeurauventre\/"},{"@type":"ListItem","position":2,"name":"Mon enfantement \u00e0 cr\u00e9dit &#8211; T\u00e9moignage d\u2019un accouchement sans la RAMQ"}]},{"@type":"WebSite","@id":"https:\/\/enfantement.org\/ducoeurauventre\/#website","url":"https:\/\/enfantement.org\/ducoeurauventre\/","name":"Du c\u0153ur au ventre","description":"","publisher":{"@id":"https:\/\/enfantement.org\/ducoeurauventre\/#organization"},"potentialAction":[{"@type":"SearchAction","target":{"@type":"EntryPoint","urlTemplate":"https:\/\/enfantement.org\/ducoeurauventre\/?s={search_term_string}"},"query-input":{"@type":"PropertyValueSpecification","valueRequired":true,"valueName":"search_term_string"}}],"inLanguage":"fr-CA"},{"@type":"Organization","@id":"https:\/\/enfantement.org\/ducoeurauventre\/#organization","name":"Du c\u0153ur au ventre","url":"https:\/\/enfantement.org\/ducoeurauventre\/","logo":{"@type":"ImageObject","inLanguage":"fr-CA","@id":"https:\/\/enfantement.org\/ducoeurauventre\/#\/schema\/logo\/image\/","url":"https:\/\/enfantement.org\/ducoeurauventre\/wp-content\/uploads\/2024\/05\/Groupe-1492.png","contentUrl":"https:\/\/enfantement.org\/ducoeurauventre\/wp-content\/uploads\/2024\/05\/Groupe-1492.png","width":690,"height":143,"caption":"Du c\u0153ur au ventre"},"image":{"@id":"https:\/\/enfantement.org\/ducoeurauventre\/#\/schema\/logo\/image\/"}},{"@type":"Person","@id":"https:\/\/enfantement.org\/ducoeurauventre\/#\/schema\/person\/c2ac070e1d9d0e5b6098cb09fc1c2c80","name":"Concepteur","image":{"@type":"ImageObject","inLanguage":"fr-CA","@id":"https:\/\/secure.gravatar.com\/avatar\/40a73b18ccce9ed0a5d3a7f5c55a1c18a73d5d79af2b580fd94bd617d45635fb?s=96&d=mm&r=g","url":"https:\/\/secure.gravatar.com\/avatar\/40a73b18ccce9ed0a5d3a7f5c55a1c18a73d5d79af2b580fd94bd617d45635fb?s=96&d=mm&r=g","contentUrl":"https:\/\/secure.gravatar.com\/avatar\/40a73b18ccce9ed0a5d3a7f5c55a1c18a73d5d79af2b580fd94bd617d45635fb?s=96&d=mm&r=g","caption":"Concepteur"},"sameAs":["https:\/\/enfantement.org\/ducoeurauventre"]}]}},"_links":{"self":[{"href":"https:\/\/enfantement.org\/ducoeurauventre\/wp-json\/wp\/v2\/posts\/2823","targetHints":{"allow":["GET"]}}],"collection":[{"href":"https:\/\/enfantement.org\/ducoeurauventre\/wp-json\/wp\/v2\/posts"}],"about":[{"href":"https:\/\/enfantement.org\/ducoeurauventre\/wp-json\/wp\/v2\/types\/post"}],"author":[{"embeddable":true,"href":"https:\/\/enfantement.org\/ducoeurauventre\/wp-json\/wp\/v2\/users\/1"}],"replies":[{"embeddable":true,"href":"https:\/\/enfantement.org\/ducoeurauventre\/wp-json\/wp\/v2\/comments?post=2823"}],"version-history":[{"count":1,"href":"https:\/\/enfantement.org\/ducoeurauventre\/wp-json\/wp\/v2\/posts\/2823\/revisions"}],"predecessor-version":[{"id":2824,"href":"https:\/\/enfantement.org\/ducoeurauventre\/wp-json\/wp\/v2\/posts\/2823\/revisions\/2824"}],"wp:featuredmedia":[{"embeddable":true,"href":"https:\/\/enfantement.org\/ducoeurauventre\/wp-json\/wp\/v2\/media\/2539"}],"wp:attachment":[{"href":"https:\/\/enfantement.org\/ducoeurauventre\/wp-json\/wp\/v2\/media?parent=2823"}],"wp:term":[{"taxonomy":"category","embeddable":true,"href":"https:\/\/enfantement.org\/ducoeurauventre\/wp-json\/wp\/v2\/categories?post=2823"},{"taxonomy":"post_tag","embeddable":true,"href":"https:\/\/enfantement.org\/ducoeurauventre\/wp-json\/wp\/v2\/tags?post=2823"},{"taxonomy":"langue","embeddable":true,"href":"https:\/\/enfantement.org\/ducoeurauventre\/wp-json\/wp\/v2\/langue?post=2823"}],"curies":[{"name":"wp","href":"https:\/\/api.w.org\/{rel}","templated":true}]}}